{"id":16466,"date":"2025-08-18T22:16:58","date_gmt":"2025-08-19T01:16:58","guid":{"rendered":"https:\/\/defensoriaformosa.gob.ar\/?p=16466"},"modified":"2025-08-18T22:16:58","modified_gmt":"2025-08-19T01:16:58","slug":"transnea-se-suma-al-pedido-de-la-defensoria-del-pueblo-en-cuanto-a-la-necesidad-de-que-el-autotransformador-de-150-mva-no-sea-retirado-de-formosa","status":"publish","type":"post","link":"https:\/\/defensoriaformosa.gob.ar\/?p=16466","title":{"rendered":"TRANSNEA SE SUMA AL PEDIDO DE LA DEFENSORIA DEL PUEBLO EN CUANTO A LA NECESIDAD DE QUE EL AUTOTRANSFORMADOR DE 150 MVA NO SEA RETIRADO DE FORMOSA"},"content":{"rendered":"<p><strong>-La Empresa de Transporte de Energ\u00eda El\u00e9ctrica inform\u00f3 a la Justicia Federal que, en conjunto con la Provincia de Formosa, se encuentran realizando gestiones ante la Secretaria de Energ\u00eda de la Naci\u00f3n, tendientes a reactivar el Proceso Licitatorio que tiene por objeto, lograr la recuperaci\u00f3n de la LAT 220 Kv \u2013 Clorinda Guarambar\u00e9 en el m\u00e1s breve plazo posible, \u201cpor lo que, -la pretensi\u00f3n de alquilar o ceder- el transformador solicitado por el Ministerio de Energ\u00eda y Ambiente de Mendoza y apoyado por el Gobierno Nacional, va a contramano de lo antes expuesto\u201d-<\/strong><\/p>\n<p><!--more--><\/p>\n<p>El actual Presidente de TRANSNEA S.A., Daniel E. Frontera, patrocinado por el Abogado Manuel Daniel Costa, manifest\u00f3 en su descargo ante la Justicia Federal, en la causa que se sigue contra la Secretaria de Energ\u00eda de Naci\u00f3n, para evitar el desguace y retiro del Autotransformador de 150 MVA que se encuentra en Clorinda, que la Empresa Transportista siempre ha tenido y tiene una actitud proactiva para reestablecer la Interconexi\u00f3n Internacional en 220 Kv Clorinda \u2013 Guarambar\u00e9. A\u00f1adi\u00f3 que, es cierto que el Gobierno de la Provincia de Mendoza a trav\u00e9s del Ing. Manuel S\u00e1nchez Bandini a cargo del Ministerio de Energ\u00eda y Ambiente, mediante Nota de fecha 14 de mayo del 2025 en base al Decreto N\u00ba 792 que declar\u00f3 la Emergencia Aluvional por el t\u00e9rmino de 1 a\u00f1o y la Emergencia del Servicio El\u00e9ctrico de Mendoza por el t\u00e9rmino de 14 meses, autoriz\u00f3 a llevar a cabo las acciones necesarias para la -Ampliaci\u00f3n Provisoria del Sistema de Transporte por Distribuci\u00f3n Troncal de la Regi\u00f3n de Cuyo- y toda vez que, \u201csi bien se ha iniciado el procedimiento de adquisici\u00f3n de un Autotransformador de 150 MVA y sus accesorios, el mismo no estar\u00e1 disponible para los pr\u00f3ximos meses de mayor demanda de energ\u00eda el\u00e9ctrica, por lo que, es necesario alquilar, a la brevedad, el Autotransformador que se encuentra en la E.T. Clorinda\u201d.<\/p>\n<p>En cuanto a este punto, el Ombudsman Provincial, Dr. Jos\u00e9 Leonardo Gialluca, inform\u00f3 que la Empresa TRANSNEA S.A., a trav\u00e9s Nota N\u00ba 87\/25, SE NEG\u00d3 ROTUNDAMENTE a las pretensiones del Gobierno de la Provincia de Mendoza, toda vez que el marco regulatorio actual aplicable al transporte de energ\u00eda el\u00e9ctrica en el SADI, \u201cno contempla situaciones como la descripta y por ello, TRANSNEA S.A. NO ESTA FACULTADA PARA CEDER O ALQUILAR NINGUN EQUIPAMIENTO COMPONENTE DE SU SISTEMA DE TRANSPORTE. TODOS ELLOS FORMAN PARTE DE SU CONTRATO DE CONCESION CELEBRADO OPORTUNAMENTE CON LA SECRETARIA DE ENERGIA DE LA NACION\u201d. Por \u00faltimo, la propia TRANSNEA expresa que, una decisi\u00f3n como esta, debe contar con la autorizaci\u00f3n al menos del Ente Nacional Regular de la Electricidad (ENRE) e incluso de CAMMESA y se\u00f1alaron tambi\u00e9n que, \u201cse han evaluado los riesgos f\u00edsicos que el traslado importar\u00eda para el equipo, toda vez que se tratar\u00eda de un proceso de desmontaje \u2013 traslado \u2013 montaje de ida y de otro inverso, de vuelta, de m\u00e1s de 1500 km cada uno de ellos, que no ser\u00eda realizado por TRANSNEA SA, con los riesgos de da\u00f1o f\u00edsico para la m\u00e1quina que este tipo de movimiento significa\u201d.<\/p>\n<p>A esto, se le debe agregar cual ser\u00eda la ruta m\u00e1s adecuada y todo lo relativo a log\u00edstica, ya que el tama\u00f1o y peso del equipo y los costos de los seguros que este tipo de actos conllevan, deben preverse con antelaci\u00f3n suficiente, puentes, alcantarillas, cruces a\u00e9reos de rutas, rotondas que eviten perjuicios y graves accidentes, por lo que, desde la Defensor\u00eda del Pueblo, sostuvieron que iremos hasta las \u00faltimas consecuencias para evitar el traslado del Autotransformador de 150 MVA que permitir\u00e1 el ingreso de energ\u00eda el\u00e9ctrica desde la ANDES de Paraguay, al SADI de Argentina en beneficio de todos.<\/p>\n","protected":false},"excerpt":{"rendered":"<p>-La Empresa de Transporte de Energ\u00eda El\u00e9ctrica inform\u00f3 a la Justicia Federal que, en conjunto con la Provincia de Formosa, se encuentran realizando gestiones ante la Secretaria de Energ\u00eda de la Naci\u00f3n, tendientes a reactivar el Proceso Licitatorio que tiene por objeto, lograr la recuperaci\u00f3n de la LAT 220 Kv \u2013 Clorinda Guarambar\u00e9 en el [&hellip;]<\/p>\n","protected":false},"author":1,"featured_media":16467,"comment_status":"closed","ping_status":"closed","sticky":false,"template":"","format":"standard","meta":{"footnotes":""},"categories":[1],"tags":[],"class_list":["post-16466","post","type-post","status-publish","format-standard","has-post-thumbnail","hentry","category-noticias"],"_links":{"self":[{"href":"https:\/\/defensoriaformosa.gob.ar\/index.php?rest_route=\/wp\/v2\/posts\/16466","targetHints":{"allow":["GET"]}}],"collection":[{"href":"https:\/\/defensoriaformosa.gob.ar\/index.php?rest_route=\/wp\/v2\/posts"}],"about":[{"href":"https:\/\/defensoriaformosa.gob.ar\/index.php?rest_route=\/wp\/v2\/types\/post"}],"author":[{"embeddable":true,"href":"https:\/\/defensoriaformosa.gob.ar\/index.php?rest_route=\/wp\/v2\/users\/1"}],"replies":[{"embeddable":true,"href":"https:\/\/defensoriaformosa.gob.ar\/index.php?rest_route=%2Fwp%2Fv2%2Fcomments&post=16466"}],"version-history":[{"count":1,"href":"https:\/\/defensoriaformosa.gob.ar\/index.php?rest_route=\/wp\/v2\/posts\/16466\/revisions"}],"predecessor-version":[{"id":16468,"href":"https:\/\/defensoriaformosa.gob.ar\/index.php?rest_route=\/wp\/v2\/posts\/16466\/revisions\/16468"}],"wp:featuredmedia":[{"embeddable":true,"href":"https:\/\/defensoriaformosa.gob.ar\/index.php?rest_route=\/wp\/v2\/media\/16467"}],"wp:attachment":[{"href":"https:\/\/defensoriaformosa.gob.ar\/index.php?rest_route=%2Fwp%2Fv2%2Fmedia&parent=16466"}],"wp:term":[{"taxonomy":"category","embeddable":true,"href":"https:\/\/defensoriaformosa.gob.ar\/index.php?rest_route=%2Fwp%2Fv2%2Fcategories&post=16466"},{"taxonomy":"post_tag","embeddable":true,"href":"https:\/\/defensoriaformosa.gob.ar\/index.php?rest_route=%2Fwp%2Fv2%2Ftags&post=16466"}],"curies":[{"name":"wp","href":"https:\/\/api.w.org\/{rel}","templated":true}]}}