{"id":16450,"date":"2025-08-12T19:06:32","date_gmt":"2025-08-12T22:06:32","guid":{"rendered":"https:\/\/defensoriaformosa.gob.ar\/?p=16450"},"modified":"2025-08-12T19:06:32","modified_gmt":"2025-08-12T22:06:32","slug":"crece-el-repudio-al-uso-del-nunca-mas-por-parte-de-convencionales-constituyentes-en-formosa","status":"publish","type":"post","link":"https:\/\/defensoriaformosa.gob.ar\/?p=16450","title":{"rendered":"CRECE EL REPUDIO AL USO DEL \u201cNUNCA M\u00c1S\u201d POR PARTE DE CONVENCIONALES CONSTITUYENTES EN FORMOSA"},"content":{"rendered":"<p><strong>Desde la -Direcci\u00f3n de Derechos Humanos y Grupos Minoritarios- de la Defensor\u00eda del Pueblo de la Provincia de Formosa, se afirm\u00f3 que, \u201cUsar el Nunca M\u00e1s\u201d por parte los Convencionales Constituyentes de La Libertad Avanza, quienes renunciaron en bloque y afirmaron que la \u00fanica salida que tiene el Pueblo Formose\u00f1o es la Intervenci\u00f3n Federal del Gobierno de Javier Milei, constituyen conductas mediocres con las cuales se provoca a toda la ciudadan\u00eda, advirti\u00e9ndose una falta de respeto a la historia de los 30 mil desaparecidos y a los consensos democr\u00e1ticos m\u00e1s elementales, que tenemos la obligaci\u00f3n de buscar en la actualidad en beneficio de todos. <\/strong><\/p>\n<p><!--more--><\/p>\n<p>Por ello, Institucionalmente, decimos \u201cUltraderecha y Fascismo, nunca m\u00e1s\u201d y recordamos que cientos de genocidas fueron condenados, por lo cual, no podemos pasar por alto esta provocaci\u00f3n y resaltamos que, el Nunca M\u00e1s es un pacto democr\u00e1tico que no debe minimizarse, pues representa el sufrimiento vivido durante la dictadura por miles de argentinos y que m\u00e1s all\u00e1 de las diferencias pol\u00edticas o diversas miradas actuales sobre lo que se debe hacer para garantizar m\u00e1s y superiores derechos a nuestros ciudadanos, mediante la reforma de la Carta Magna Provincial, es la obligaci\u00f3n que ha delegado el Pueblo a trav\u00e9s de las urnas. Se record\u00f3 que, durante la \u00faltima dictadura c\u00edvico-eclesi\u00e1stica-empresarial-militar se implementaron pol\u00edticas sociales y econ\u00f3micas similares a las del actual Gobierno Nacional. Un modelo neoliberal de autoritarismo y debilitamiento de las instituciones democr\u00e1ticas que s\u00f3lo cierra con represi\u00f3n. Actualmente, se vive bajo un estado de estupor, existe una regresi\u00f3n de los valores democr\u00e1ticos, con un gobierno que quiere instalar el mismo plan econ\u00f3mico de la dictadura. Un contexto en el cual el neoliberalismo econ\u00f3mico se funde con el autoritarismo. Negacionismo, decretos anti-derechos y represi\u00f3n contra la protesta social en las calles. La libertad de mercado es a cambio de libertades b\u00e1sicas. Durante el per\u00edodo electoral, el candidato Javier Milei present\u00f3 en la plataforma de La Libertad Avanza las propuestas que hoy est\u00e1 llevando a cabo: ajuste, privatizaciones, mano dura, dolarizaci\u00f3n -con la idea de eliminar el Banco Central-, la supresi\u00f3n del gasto p\u00fablico, la baja en la edad de punibilidad, la libre portaci\u00f3n de armas, el libre mercado de alquileres, aumentos en los servicios p\u00fablicos -agua, luz y gas- y baja de los aranceles para las importaciones. Notables coincidencias con el plan de Mart\u00ednez de Hoz de 1976.<\/p>\n<p>Este gobierno de extrema derecha que, con sus \u201cideas libertarias\u201d, quit\u00f3 subsidios y protecciones, desfinanci\u00f3 programas y pol\u00edticas de g\u00e9nero, suprimi\u00f3 ministerios y niega sistem\u00e1ticamente las violencias y desigualdades, busca tambi\u00e9n eliminar del C\u00f3digo Penal la figura de femicidio. Y como ocurri\u00f3 durante la dictadura, genera una deuda externa extrema con el Fondo Monetario Internacional. Durante la dictadura, estas medidas se implementaron con el uso de la fuerza desde el Estado. \u00a0Ese abuso de poder sigue existiendo y las consecuencias sociales son devastadoras. Estas \u201cideas de la libertad\u201d no tienen nada de libres, corren por carriles autoritarios, por lo que, esperamos y valoraremos que la reflexi\u00f3n y la racionalidad nos permita volver a una sana convivencia democr\u00e1tica entre todos los sectores pol\u00edticos existentes en la actualidad.<\/p>\n","protected":false},"excerpt":{"rendered":"<p>Desde la -Direcci\u00f3n de Derechos Humanos y Grupos Minoritarios- de la Defensor\u00eda del Pueblo de la Provincia de Formosa, se afirm\u00f3 que, \u201cUsar el Nunca M\u00e1s\u201d por parte los Convencionales Constituyentes de La Libertad Avanza, quienes renunciaron en bloque y afirmaron que la \u00fanica salida que tiene el Pueblo Formose\u00f1o es la Intervenci\u00f3n Federal del [&hellip;]<\/p>\n","protected":false},"author":1,"featured_media":16451,"comment_status":"closed","ping_status":"closed","sticky":false,"template":"","format":"standard","meta":{"footnotes":""},"categories":[1],"tags":[],"class_list":["post-16450","post","type-post","status-publish","format-standard","has-post-thumbnail","hentry","category-noticias"],"_links":{"self":[{"href":"https:\/\/defensoriaformosa.gob.ar\/index.php?rest_route=\/wp\/v2\/posts\/16450","targetHints":{"allow":["GET"]}}],"collection":[{"href":"https:\/\/defensoriaformosa.gob.ar\/index.php?rest_route=\/wp\/v2\/posts"}],"about":[{"href":"https:\/\/defensoriaformosa.gob.ar\/index.php?rest_route=\/wp\/v2\/types\/post"}],"author":[{"embeddable":true,"href":"https:\/\/defensoriaformosa.gob.ar\/index.php?rest_route=\/wp\/v2\/users\/1"}],"replies":[{"embeddable":true,"href":"https:\/\/defensoriaformosa.gob.ar\/index.php?rest_route=%2Fwp%2Fv2%2Fcomments&post=16450"}],"version-history":[{"count":1,"href":"https:\/\/defensoriaformosa.gob.ar\/index.php?rest_route=\/wp\/v2\/posts\/16450\/revisions"}],"predecessor-version":[{"id":16452,"href":"https:\/\/defensoriaformosa.gob.ar\/index.php?rest_route=\/wp\/v2\/posts\/16450\/revisions\/16452"}],"wp:featuredmedia":[{"embeddable":true,"href":"https:\/\/defensoriaformosa.gob.ar\/index.php?rest_route=\/wp\/v2\/media\/16451"}],"wp:attachment":[{"href":"https:\/\/defensoriaformosa.gob.ar\/index.php?rest_route=%2Fwp%2Fv2%2Fmedia&parent=16450"}],"wp:term":[{"taxonomy":"category","embeddable":true,"href":"https:\/\/defensoriaformosa.gob.ar\/index.php?rest_route=%2Fwp%2Fv2%2Fcategories&post=16450"},{"taxonomy":"post_tag","embeddable":true,"href":"https:\/\/defensoriaformosa.gob.ar\/index.php?rest_route=%2Fwp%2Fv2%2Ftags&post=16450"}],"curies":[{"name":"wp","href":"https:\/\/api.w.org\/{rel}","templated":true}]}}