{"id":16441,"date":"2025-08-09T19:15:46","date_gmt":"2025-08-09T22:15:46","guid":{"rendered":"https:\/\/defensoriaformosa.gob.ar\/?p=16441"},"modified":"2025-08-09T19:15:46","modified_gmt":"2025-08-09T22:15:46","slug":"el-gobierno-nacional-pidio-a-la-justicia-federal-deje-sin-efecto-la-medida-cautelar-que-impide-el-traslado-del-autotransformador-de-150-mva-a-la-provincia-de-mendoza","status":"publish","type":"post","link":"https:\/\/defensoriaformosa.gob.ar\/?p=16441","title":{"rendered":"EL GOBIERNO NACIONAL PIDIO A LA JUSTICIA FEDERAL DEJE SIN EFECTO LA MEDIDA CAUTELAR QUE IMPIDE EL TRASLADO DEL AUTOTRANSFORMADOR DE 150 MVA A LA PROVINCIA DE MENDOZA"},"content":{"rendered":"<p><strong>-Gialluca se\u00f1al\u00f3 que, rechazaremos esta abusiva pretensi\u00f3n, m\u00e1xime cuando actualmente HINISA -Hidroel\u00e9ctrica Los Nihuiles-, ha recuperado el transformador da\u00f1ado, as\u00ed como tambi\u00e9n, la unidad de reserva, por lo que, ya no es necesario adoptar medidas excepcionales, a favor de la Provincia de Mendoza, dentro de la Emergencia Aluvional y la Emergencia del Servicio El\u00e9ctrico decretado por el Gobierno de dicha Jurisdicci\u00f3n, \u201cy pidi\u00f3 que el Gobierno Nacional garantice la generaci\u00f3n y transporte del servicio energ\u00e9tico en todo el pa\u00eds y deje de priorizar pol\u00edticamente solo a algunas regiones o provincias\u201d <\/strong><\/p>\n<p><!--more--><\/p>\n<p>La Defensor\u00eda del Pueblo de la Provincia de Formosa, inform\u00f3 que, el Gobierno Nacional de Javier Milei, junto al Ministerio de Econom\u00eda que Preside Luis Caputo y la Secretaria de Energ\u00eda a cargo de la Lic. Mar\u00eda Carmen Tettamanti, se presentaron por ante el Juzgado Federal N\u00ba 2 de Formosa, a cargo de la Dra. Mar\u00eda Bel\u00e9n L\u00f3pez Mac\u00e9, \u201csolicitando se levante y se deje sin efecto la -Medida Cautelar- obtenida a favor de la Provincia de Formosa y mediante la cual, se impidi\u00f3 que el Autotransformador de 150 MVA que se encuentra en nuestro territorio, sea trasladado a la Provincia de Mendoza, evitando dejar inservible la Interconexi\u00f3n Guarambar\u00e9 \u2013 Paraguay, Clorinda \u2013 Argentina\u201d, a trav\u00e9s de la cual, se podr\u00eda suministrar hasta 150 MW al Sistema Argentino de Interconexi\u00f3n -SADI-, mediante la l\u00ednea internacional de 220 KV, la cual qued\u00f3 inhabilitada desde el 2019 por una colisi\u00f3n causada por una embarcaci\u00f3n en la Torre 80 y desde entonces, el Gobierno de la Provincia de Formosa, viene gestionando su rehabilitaci\u00f3n y hasta ha ofrecido a la Secretaria de Energ\u00eda de la Naci\u00f3n y a TRANSNEA que posee la concesi\u00f3n del servicio de transporte de energ\u00eda en alta tensi\u00f3n para la regi\u00f3n, financiar con recursos propios, las reparaciones necesarias, a cambio de ser compensado posteriormente con los pagos que regularmente se realizan a CAMMESA por la compra de energ\u00eda mayorista. Los abogados Karina De Matteo y Roberto Carlos Altamore, en nombre de los demandados, se han presentado sin acreditar debidamente personer\u00eda para estar en juicio y, por otra parte, \u201cpretenden negarle al Defensor del Pueblo de la Provincia, defender los derechos colectivos de los usuarios del sistema energ\u00e9tico provincial en relaci\u00f3n a un servicio p\u00fablico esencial\u201d. Gialluca denunci\u00f3 que, sin ning\u00fan tipo de reparo, la Secretaria de Energ\u00eda, expres\u00f3 ante la Justicia que, el Autotransformador antes citado, ser\u00eda afectado transitoriamente a una -Ampliaci\u00f3n Provisoria de Emergencia- en el nodo Nihuil II Provincia de Mendoza, toda vez que un transformador original, ha sufrido da\u00f1os por un evento de origen clim\u00e1tico y que de esta forma, el Estado Nacional necesita el traslado de ese equipo, motivado por la Emergencia Energ\u00e9tica y Aluvional decretada por el Gobierno de la Provincia de Mendoza, mediante Decreto N\u00ba 792\/25. Es que, el 11 de enero del presente a\u00f1o, una tormenta extraordinaria provoc\u00f3 una crecida del R\u00edo Atuel con caudales superiores a 1400 m3\/seg, que afectaron gravemente la infraestructura el\u00e9ctrica Nihuil II y III.<\/p>\n<p>Como resultado, se da\u00f1aron equipos internos y externos, caminos de acceso y especialmente el sistema de transmisi\u00f3n en 132 kv, m\u00e1s el Autotransformador de 150 MVA del nodo Nihuil II, que qued\u00f3 limitado y con bajo nivel de confiabilidad operativa, dejando sin servicio el\u00e9ctrico a m\u00e1s de 320 mil usuarios en el Sur de Mendoza, afectando a los Departamentos de San Rafael, Gral. Alvear y Malargue, lo cual produce un gran da\u00f1o, no solo a la industria, servicios m\u00e9dicos y otras funciones indispensables de los habitantes de la zona. \u201cEn este contexto y ante la imposibilidad de contar en el corto plazo con un transformador nuevo, se pretende que el equipo sea retirado de la ET Clorinda, lo cual, se dispon\u00edan a concretar mediante la suscripci\u00f3n de un -Acuerdo de Cesi\u00f3n Transitoria- del autotransformador propiedad de TRANSNEA, a favor del Ministerio de Energ\u00eda y Ambiente de Mendoza y que ser\u00eda operado y mantenido por Distrocuyo en su condici\u00f3n de Concesionario de la Red de Transporte por Distribuci\u00f3n Troncal de la Regi\u00f3n Cuyo. Por otro lado, el Gobierno Nacional, expresa que ha tomado los recaudos para exigirle a la Provincia de Mendoza, al ENRE y a la Secretaria de Energ\u00eda de la Naci\u00f3n, la compra de un Autotransformador o el pago anticipado para la fabricaci\u00f3n de otro equipo que, supuestamente luego ser\u00eda destinado a Formosa. Fundan tambi\u00e9n, su pretensi\u00f3n en que el pr\u00f3ximo verano, cuando aumente sensiblemente la demanda, el corredor de 132 kv de Mendoza, no podr\u00e1 operar de modo confiable, sin el aporte seguro del Sistema de 220 kv y que si bien HINISA -Hidroel\u00e9ctrica Los Nihuiles-, ha recuperado el transformador da\u00f1ado, as\u00ed como tambi\u00e9n, la unidad de reserva, la antig\u00fcedad de los equipos y los da\u00f1os sufridos no lo hace confiable, por lo que, es necesario adoptar medidas excepcionales a favor de la Provincia de Mendoza dentro de la Emergencia Aluvional y la Emergencia del Servicio El\u00e9ctrico decretado por el Gobierno de dicha Jurisdicci\u00f3n por el t\u00e9rmino de 14 meses, lo que ha sido ratificado por la Ley N\u00ba 9.630 de la Legislatura Provincial.<\/p>\n<p>Por esto, el Ombudsman Provincial, se\u00f1al\u00f3 que rechazaremos, todas y cada una de estas pretensiones del Gobierno Nacional, pues queda en evidencia que, su accionar no se focaliza en beneficiar al -Sistema Energ\u00e9tico Nacional-, sino puntual y especialmente, al sistema energ\u00e9tico de una provincia como Mendoza, a la cual, se la respeta, pero no dejaremos que los intereses y derechos de los formose\u00f1os, sean afectados y ultrajados, pues, a trav\u00e9s de la Interconexi\u00f3n Guarambar\u00e9 Clorinda, tambi\u00e9n en los meses de altas demandas de energ\u00eda el\u00e9ctrica, se podr\u00eda contar, con energ\u00eda suficiente para evitar los colapsos energ\u00e9ticos, cortes, microcortes e inestabilidad de un servicio p\u00fablico que debe ser, \u201cpriorizado por el Gobierno Nacional en su generaci\u00f3n y transporte para todos los argentinos y no solamente para algunas regiones o provincias\u201d.<\/p>\n<p>&nbsp;<\/p>\n","protected":false},"excerpt":{"rendered":"<p>-Gialluca se\u00f1al\u00f3 que, rechazaremos esta abusiva pretensi\u00f3n, m\u00e1xime cuando actualmente HINISA -Hidroel\u00e9ctrica Los Nihuiles-, ha recuperado el transformador da\u00f1ado, as\u00ed como tambi\u00e9n, la unidad de reserva, por lo que, ya no es necesario adoptar medidas excepcionales, a favor de la Provincia de Mendoza, dentro de la Emergencia Aluvional y la Emergencia del Servicio El\u00e9ctrico decretado [&hellip;]<\/p>\n","protected":false},"author":1,"featured_media":16442,"comment_status":"closed","ping_status":"closed","sticky":false,"template":"","format":"standard","meta":{"footnotes":""},"categories":[1],"tags":[],"class_list":["post-16441","post","type-post","status-publish","format-standard","has-post-thumbnail","hentry","category-noticias"],"_links":{"self":[{"href":"https:\/\/defensoriaformosa.gob.ar\/index.php?rest_route=\/wp\/v2\/posts\/16441","targetHints":{"allow":["GET"]}}],"collection":[{"href":"https:\/\/defensoriaformosa.gob.ar\/index.php?rest_route=\/wp\/v2\/posts"}],"about":[{"href":"https:\/\/defensoriaformosa.gob.ar\/index.php?rest_route=\/wp\/v2\/types\/post"}],"author":[{"embeddable":true,"href":"https:\/\/defensoriaformosa.gob.ar\/index.php?rest_route=\/wp\/v2\/users\/1"}],"replies":[{"embeddable":true,"href":"https:\/\/defensoriaformosa.gob.ar\/index.php?rest_route=%2Fwp%2Fv2%2Fcomments&post=16441"}],"version-history":[{"count":1,"href":"https:\/\/defensoriaformosa.gob.ar\/index.php?rest_route=\/wp\/v2\/posts\/16441\/revisions"}],"predecessor-version":[{"id":16443,"href":"https:\/\/defensoriaformosa.gob.ar\/index.php?rest_route=\/wp\/v2\/posts\/16441\/revisions\/16443"}],"wp:featuredmedia":[{"embeddable":true,"href":"https:\/\/defensoriaformosa.gob.ar\/index.php?rest_route=\/wp\/v2\/media\/16442"}],"wp:attachment":[{"href":"https:\/\/defensoriaformosa.gob.ar\/index.php?rest_route=%2Fwp%2Fv2%2Fmedia&parent=16441"}],"wp:term":[{"taxonomy":"category","embeddable":true,"href":"https:\/\/defensoriaformosa.gob.ar\/index.php?rest_route=%2Fwp%2Fv2%2Fcategories&post=16441"},{"taxonomy":"post_tag","embeddable":true,"href":"https:\/\/defensoriaformosa.gob.ar\/index.php?rest_route=%2Fwp%2Fv2%2Ftags&post=16441"}],"curies":[{"name":"wp","href":"https:\/\/api.w.org\/{rel}","templated":true}]}}