{"id":16438,"date":"2025-08-08T20:32:53","date_gmt":"2025-08-08T23:32:53","guid":{"rendered":"https:\/\/defensoriaformosa.gob.ar\/?p=16438"},"modified":"2025-08-08T20:32:53","modified_gmt":"2025-08-08T23:32:53","slug":"declaracion-de-adpra-rechaza-el-uso-descontextualizado-de-la-consigna-nunca-mas","status":"publish","type":"post","link":"https:\/\/defensoriaformosa.gob.ar\/?p=16438","title":{"rendered":"DECLARACI\u00d3N DE ADPRA RECHAZA EL USO DESCONTEXTUALIZADO DE LA CONSIGNA \u201cNUNCA M\u00c1S\u201d"},"content":{"rendered":"<p><strong>La Asociaci\u00f3n de Defensor\u00edas del Pueblo de la Rep\u00fablica Argentina (ADPRA) expres\u00f3 su profunda preocupaci\u00f3n y rechazo ante la utilizaci\u00f3n impropia, despectiva o pol\u00edticamente interesada de la consigna \u201cNunca M\u00e1s\u201d por parte de altas autoridades del Estado y sectores del oficialismo nacional. \u201cNunca M\u00e1s\u201d constituye una expresi\u00f3n que remite a un momento fundacional de la democracia argentina recuperada, vinculada al repudio del terrorismo de Estado, al reconocimiento de las violaciones sistem\u00e1ticas a los derechos humanos cometidas durante la \u00faltima dictadura c\u00edvico-militar (1976-1983) y al compromiso con su no repetici\u00f3n. <\/strong><\/p>\n<p><!--more--><\/p>\n<p>Su significado fue consolidado institucionalmente a trav\u00e9s del informe de la CONADEP y del Juicio a las Juntas, y su vigencia ha sido sostenida por la sociedad civil, los organismos de derechos humanos y las pol\u00edticas p\u00fablicas construidas en democracia. Su resignificaci\u00f3n ajena a este marco no solo banaliza un s\u00edmbolo hist\u00f3rico, sino que genera un retroceso en el consenso democr\u00e1tico construido en torno a la garant\u00eda de no repetici\u00f3n, base esencial de la arquitectura nacional e internacional de los derechos humanos. Las Defensor\u00edas del Pueblo, en su car\u00e1cter de \u00f3rganos aut\u00f3nomos con mandato legal para la promoci\u00f3n y protecci\u00f3n de los derechos humanos, consideran que la utilizaci\u00f3n descontextualizada o peyorativa de la consigna \u201cNunca M\u00e1s\u201d compromete los marcos normativos e institucionales que estructuran la pol\u00edtica de memoria, verdad y justicia en la Argentina. Por ello, desde ADPRA exhortamos, al respeto institucional y pol\u00edtico del significado hist\u00f3rico, \u00e9tico y jur\u00eddico del \u201cNunca M\u00e1s\u201d. Defenderlo no es un gesto declamativo: es preservar los fundamentos democr\u00e1ticos del Estado de Derecho que se construyen d\u00eda a d\u00eda.<\/p>\n<p>El Ombudsman Provincial, Dr. Jos\u00e9 Leonardo Gialluca, en su car\u00e1cter de Vicepresidente II de ADPRA, sostuvo que, el uso de la frase no funciona como provocaci\u00f3n hacia determinado sector pol\u00edtico, \u201csino que m\u00e1s bien es una afrenta directa a los Organismos de Derechos Humanos, a las Madres y Abuelas de Plaza de Mayo y a la Memoria Colectiva de un Pueblo que dijo -Nunca M\u00e1s al terrorismo de Estado-\u201d. Con estos hechos, el Presidente de la Naci\u00f3n y su espacio pol\u00edtico, banalizaron el dolor, profanaron una consigna sagrada y juegan con la historia del pa\u00eds que todav\u00eda busca justicia, pues, debemos entender de una vez por todas que, nuestro pa\u00eds se debe edificar con m\u00e1s derechos, m\u00e1s justicia social y m\u00e1s democracia, no negando el pasado y todos los sectores pol\u00edticos, deben estar, avocados a solucionar de manera urgente, las demandas improrrogables que poseen los ciudadanos, y deben ser estos \u00faltimos, los que a trav\u00e9s del voto en las urnas pongan l\u00edmites al hambre, a la pobreza, a la miseria y a la crueldad.<\/p>\n","protected":false},"excerpt":{"rendered":"<p>La Asociaci\u00f3n de Defensor\u00edas del Pueblo de la Rep\u00fablica Argentina (ADPRA) expres\u00f3 su profunda preocupaci\u00f3n y rechazo ante la utilizaci\u00f3n impropia, despectiva o pol\u00edticamente interesada de la consigna \u201cNunca M\u00e1s\u201d por parte de altas autoridades del Estado y sectores del oficialismo nacional. \u201cNunca M\u00e1s\u201d constituye una expresi\u00f3n que remite a un momento fundacional de la [&hellip;]<\/p>\n","protected":false},"author":1,"featured_media":16439,"comment_status":"closed","ping_status":"closed","sticky":false,"template":"","format":"standard","meta":{"footnotes":""},"categories":[1],"tags":[],"class_list":["post-16438","post","type-post","status-publish","format-standard","has-post-thumbnail","hentry","category-noticias"],"_links":{"self":[{"href":"https:\/\/defensoriaformosa.gob.ar\/index.php?rest_route=\/wp\/v2\/posts\/16438","targetHints":{"allow":["GET"]}}],"collection":[{"href":"https:\/\/defensoriaformosa.gob.ar\/index.php?rest_route=\/wp\/v2\/posts"}],"about":[{"href":"https:\/\/defensoriaformosa.gob.ar\/index.php?rest_route=\/wp\/v2\/types\/post"}],"author":[{"embeddable":true,"href":"https:\/\/defensoriaformosa.gob.ar\/index.php?rest_route=\/wp\/v2\/users\/1"}],"replies":[{"embeddable":true,"href":"https:\/\/defensoriaformosa.gob.ar\/index.php?rest_route=%2Fwp%2Fv2%2Fcomments&post=16438"}],"version-history":[{"count":1,"href":"https:\/\/defensoriaformosa.gob.ar\/index.php?rest_route=\/wp\/v2\/posts\/16438\/revisions"}],"predecessor-version":[{"id":16440,"href":"https:\/\/defensoriaformosa.gob.ar\/index.php?rest_route=\/wp\/v2\/posts\/16438\/revisions\/16440"}],"wp:featuredmedia":[{"embeddable":true,"href":"https:\/\/defensoriaformosa.gob.ar\/index.php?rest_route=\/wp\/v2\/media\/16439"}],"wp:attachment":[{"href":"https:\/\/defensoriaformosa.gob.ar\/index.php?rest_route=%2Fwp%2Fv2%2Fmedia&parent=16438"}],"wp:term":[{"taxonomy":"category","embeddable":true,"href":"https:\/\/defensoriaformosa.gob.ar\/index.php?rest_route=%2Fwp%2Fv2%2Fcategories&post=16438"},{"taxonomy":"post_tag","embeddable":true,"href":"https:\/\/defensoriaformosa.gob.ar\/index.php?rest_route=%2Fwp%2Fv2%2Ftags&post=16438"}],"curies":[{"name":"wp","href":"https:\/\/api.w.org\/{rel}","templated":true}]}}