{"id":16425,"date":"2025-08-04T22:12:29","date_gmt":"2025-08-05T01:12:29","guid":{"rendered":"https:\/\/defensoriaformosa.gob.ar\/?p=16425"},"modified":"2025-08-04T22:12:29","modified_gmt":"2025-08-05T01:12:29","slug":"solicitan-al-congreso-de-la-nacion-se-rechacen-los-vetos-de-aumento-a-los-jubilados-y-de-ayuda-a-las-personas-con-discapacidad","status":"publish","type":"post","link":"https:\/\/defensoriaformosa.gob.ar\/?p=16425","title":{"rendered":"SOLICITAN AL CONGRESO DE LA NACION SE RECHACEN LOS VETOS DE AUMENTO A LOS JUBILADOS Y DE AYUDA A LAS PERSONAS CON DISCAPACIDAD"},"content":{"rendered":"<p>\u00ad<strong>-Los jubilados y las personas con discapacidad tienen derechos y el Gobierno Nacional obligaciones que cumplir para con los mismos, por lo que, no pueden ser tomados o vistos como una variable de ajuste-<\/strong><\/p>\n<p><!--more--><\/p>\n<p>El Defensor del Pueblo de la Provincia de Formosa, Dr. Jos\u00e9 Leonardo Gialluca, solicit\u00f3 formalmente al Presidente de la C\u00e1mara de Diputados, Mart\u00edn Menem y a los Vicepresidentes 1ro. 2do. 3ro., Representados por Moreau Cecilia, Lospinnato Silvia, Cobos Julio y a la Comisi\u00f3n Permanente de Discapacidad a cargo de Arroyo Daniel, como as\u00ed tambi\u00e9n, a la Presidente del Senado de la Naci\u00f3n, Victoria Eugenia Villarruel, a la Vicepresidente Primera Carolina Losada, a la Comisi\u00f3n Unicameral de Legislaci\u00f3n General, cuya Presidencia ejerce Bartolom\u00e9 Esteban Abdala, \u201cque frente al dictado del Decreto N\u00ba 534\/25 firmado por el Presidente Javier Milei y mediante el cual VET\u00d3 TOTALMENTE los proyectos de ley referidos a la recomposici\u00f3n de las jubilaciones y pensiones, la moratoria jubilatoria y la emergencia en discapacidad, se rechacen las decisiones del primer mandatario con la finalidad de que se de vigencia a esas leyes\u201d.<\/p>\n<p>El Ombudsman Provincial, se\u00f1al\u00f3 que, los argumentos expuestos en los considerandos del Decreto N\u00ba 534\/25, presentan graves errores constitucionales y convencionales. En esta l\u00ednea, afirm\u00f3 que, se realizan citas parciales de la Constituci\u00f3n Argentina, invocando que el art. 75 inc. 19, le impone al Congreso como mandato constitucional, defender el valor de la moneda, pero no dice que el mismo art\u00edculo tambi\u00e9n le impone al Congreso, proveer lo conducente al desarrollo humano, al progreso humano con justicia social y que el inc. 23 del mismo art\u00edculo, obliga al Congreso a legislar y promover medidas de acci\u00f3n positiva que garanticen la igualdad real de oportunidades y de trato y el pleno goce y ejercicio de los derechos reconocidos por la Constituci\u00f3n y por los Tratados Internacionales sobre Derechos Humanos, en particular, respecto de los ancianos y las personas con discapacidad.<\/p>\n<p>Por otra parte, en cuanto al financiamiento de los proyectos, el Gobierno Nacional desconoce el art. 2.1 del Pacto Internacional de Derechos Econ\u00f3micos, Sociales y Culturales, que obligan al Estado Argentino utilizar el m\u00e1ximo de los recursos para la plena efectividad de los derechos all\u00ed reconocidos. A esto se le suma que la totalidad de las leyes tienen su fuente de financiamiento y no se dice que no contamos con ley de presupuesto 2025 por propia voluntad del gobierno y ante esta situaci\u00f3n, el Presidente de la Naci\u00f3n est\u00e1 facultado para reconducir partidas, \u201ccomo lo hizo para pagar los intereses de las deudas o remitir fondos a la SIDE\u201d, con lo cual, deber\u00e1 reconducir las respectivas partidas para cumplir con la Constituci\u00f3n Nacional. Gialluca, a\u00f1adi\u00f3 que, nadie en su sano juicio intenta provocar alguna ruptura del orden macroecon\u00f3mico, o atentar contra el equilibrio fiscal, puesto que siempre vamos a estar a favor de que la inflaci\u00f3n realmente baje en favor de los consumidores, pues en Formosa entendemos que los jubilados y los discapacitados poseen derechos y no son una variable de ajuste y por ello, el Gobierno de la Provincia contin\u00faa llevando adelante diversas acciones que son una verdadera pol\u00edtica de estado.<\/p>\n<p>En este contexto, el super\u00e1vit fiscal no se negocia, como tampoco se negocia el super\u00e1vit social, pues gobernar manteniendo el equilibrio fiscal, implica hacerlo con la gente adentro del proyecto de pa\u00eds, y estas leyes no comprometen el super\u00e1vit fiscal y llevan solamente \u201cun poco, para no decir casi nada de soluciones a los sectores m\u00e1s castigados por el programa econ\u00f3mico del actual Gobierno Nacional\u201d.<\/p>\n","protected":false},"excerpt":{"rendered":"<p>\u00ad-Los jubilados y las personas con discapacidad tienen derechos y el Gobierno Nacional obligaciones que cumplir para con los mismos, por lo que, no pueden ser tomados o vistos como una variable de ajuste-<\/p>\n","protected":false},"author":1,"featured_media":16426,"comment_status":"closed","ping_status":"closed","sticky":false,"template":"","format":"standard","meta":{"footnotes":""},"categories":[1],"tags":[],"class_list":["post-16425","post","type-post","status-publish","format-standard","has-post-thumbnail","hentry","category-noticias"],"_links":{"self":[{"href":"https:\/\/defensoriaformosa.gob.ar\/index.php?rest_route=\/wp\/v2\/posts\/16425","targetHints":{"allow":["GET"]}}],"collection":[{"href":"https:\/\/defensoriaformosa.gob.ar\/index.php?rest_route=\/wp\/v2\/posts"}],"about":[{"href":"https:\/\/defensoriaformosa.gob.ar\/index.php?rest_route=\/wp\/v2\/types\/post"}],"author":[{"embeddable":true,"href":"https:\/\/defensoriaformosa.gob.ar\/index.php?rest_route=\/wp\/v2\/users\/1"}],"replies":[{"embeddable":true,"href":"https:\/\/defensoriaformosa.gob.ar\/index.php?rest_route=%2Fwp%2Fv2%2Fcomments&post=16425"}],"version-history":[{"count":1,"href":"https:\/\/defensoriaformosa.gob.ar\/index.php?rest_route=\/wp\/v2\/posts\/16425\/revisions"}],"predecessor-version":[{"id":16427,"href":"https:\/\/defensoriaformosa.gob.ar\/index.php?rest_route=\/wp\/v2\/posts\/16425\/revisions\/16427"}],"wp:featuredmedia":[{"embeddable":true,"href":"https:\/\/defensoriaformosa.gob.ar\/index.php?rest_route=\/wp\/v2\/media\/16426"}],"wp:attachment":[{"href":"https:\/\/defensoriaformosa.gob.ar\/index.php?rest_route=%2Fwp%2Fv2%2Fmedia&parent=16425"}],"wp:term":[{"taxonomy":"category","embeddable":true,"href":"https:\/\/defensoriaformosa.gob.ar\/index.php?rest_route=%2Fwp%2Fv2%2Fcategories&post=16425"},{"taxonomy":"post_tag","embeddable":true,"href":"https:\/\/defensoriaformosa.gob.ar\/index.php?rest_route=%2Fwp%2Fv2%2Ftags&post=16425"}],"curies":[{"name":"wp","href":"https:\/\/api.w.org\/{rel}","templated":true}]}}