{"id":16422,"date":"2025-08-02T19:17:32","date_gmt":"2025-08-02T22:17:32","guid":{"rendered":"https:\/\/defensoriaformosa.gob.ar\/?p=16422"},"modified":"2025-08-03T19:19:30","modified_gmt":"2025-08-03T22:19:30","slug":"el-aumento-del-dolar-produce-remarcaciones-en-el-valor-de-los-alimentos-y-servicios","status":"publish","type":"post","link":"https:\/\/defensoriaformosa.gob.ar\/?p=16422","title":{"rendered":"EL AUMENTO DEL D\u00d3LAR PRODUCE REMARCACIONES EN EL VALOR DE LOS ALIMENTOS Y SERVICIOS"},"content":{"rendered":"<p><strong>-Los proveedores m\u00e1s importantes del pa\u00eds, tanto de l\u00e1cteos, aceites, papel, productos de limpieza, alimentos y bebidas anunciaron que el pr\u00f3ximo lunes aplicar\u00e1n subas en los precios que van desde un 3 al 9%, la COPAL (Coordinadora de Productos de Alimentos) que nuclea a los fabricantes avisaron nuevas listas de precios para los supermercados-<\/strong><\/p>\n<p><!--more--><\/p>\n<p>Se\u00f1alaron desde la Defensor\u00eda del Pueblo que, el incremento del d\u00f3lar en la \u00faltima semana de julio, siendo que el tipo de cambio oficial ven\u00eda con un alza gradual, se dispar\u00f3 un 5% en solo cuatro d\u00edas h\u00e1biles, esto equivale a lo que hab\u00eda subido en todo el mes, por lo que, funcion\u00f3 como un detonante para que las listas de precios se ajustaran r\u00e1pidamente. Puntualmente, la cadena de efectos, se empieza a notar en sectores con un alto componente de insumos importados, como el sector alimenticio, las automotrices y otros, que ya han comenzado a aplicar fuertes aumentos. Los referentes de cada rubro, informaron que las listas de precios se est\u00e1n actualizando con subas que oscilan entre un 4% y un 9%. Este movimiento, que se vio de forma parcial en julio, se profundizar\u00e1 en el mes de agosto, empujando la inflaci\u00f3n a nuevos niveles.<\/p>\n<p>El Ombudsman Provincial, Dr. Jos\u00e9 Leonardo Gialluca, se\u00f1al\u00f3 que, el traslado de la suba del d\u00f3lar y de los combustibles a los precios se evidencia particularmente en los productos de consumo masivo, entre ellos, los alimentos, en especial aquellos bienes con un efecto multiplicador, como el aceite y la harina, se observan como los m\u00e1s perjudicados. Por otra parte, las grandes cadenas de supermercados ya anticipan que las remarcaciones ser\u00e1n inevitables. A esto se suma el impacto de la reciente baja de retenciones, anunciada por el Gobierno Nacional de Javier Milei, donde si bien la medida busca incentivar la exportaci\u00f3n, existe el riesgo de que los productores trasladen la mayor rentabilidad a los precios internos, generando una presi\u00f3n adicional sobre la canasta b\u00e1sica alimentaria.<\/p>\n<p>En otro extremo, el sector automotriz es otro de los que siente el impacto directo de esta situaci\u00f3n, ya que, con un fuerte componente de insumos importados, las automotrices han anunciado que subir\u00e1n los precios de sus modelos, con incrementos de hasta un 9% en algunos casos. Incluso, algunos fabricantes que hab\u00edan mantenido sus precios relativamente estables tras la salida del cepo, ahora se ven obligados a ajustarlos ante la escalada del d\u00f3lar. Las consultoras econ\u00f3micas coinciden en que la inflaci\u00f3n de julio, que se ubic\u00f3 cerca del 1,9%, fue solo un adelanto de lo que se ver\u00e1 en el mes en curso, factores estacionales, como el turismo de invierno y el aumento de las tarifas de servicios p\u00fablicos ya hab\u00edan presionado los precios. Sin embargo, la inflaci\u00f3n n\u00facleo, que excluye los precios regulados y estacionales, se mantuvo en niveles m\u00e1s bajos, sugiriendo que el traslado del d\u00f3lar a\u00fan no se hab\u00eda manifestado por completo.<\/p>\n<p>El horizonte para agosto es de una clara aceleraci\u00f3n inflacionaria, con la suba del d\u00f3lar de julio traslad\u00e1ndose por completo a los precios y las remarcaciones ya en marcha, los analistas proyectan un \u00cdndice de Precios al Consumidor (IPC) que volver\u00e1 a ubicarse por encima del 2%. Este salto del d\u00f3lar ha puesto fin a la relativa calma inflacionaria que se hab\u00eda visto en los meses anteriores, donde la conexi\u00f3n directa, entre el tipo de cambio y los precios de los bienes y servicios se ha vuelto a evidenciar, dejando en claro que, la estabilidad econ\u00f3mica a\u00fan est\u00e1 lejos y es inestable, siendo los consumidores y usuarios, quienes ya comienzan a sentir el impacto en sus bolsillos, con la perspectiva de que el panorama de mayores precios se torne m\u00e1s complicado en las pr\u00f3ximas semanas.<\/p>\n","protected":false},"excerpt":{"rendered":"<p>-Los proveedores m\u00e1s importantes del pa\u00eds, tanto de l\u00e1cteos, aceites, papel, productos de limpieza, alimentos y bebidas anunciaron que el pr\u00f3ximo lunes aplicar\u00e1n subas en los precios que van desde un 3 al 9%, la COPAL (Coordinadora de Productos de Alimentos) que nuclea a los fabricantes avisaron nuevas listas de precios para los supermercados-<\/p>\n","protected":false},"author":1,"featured_media":16423,"comment_status":"closed","ping_status":"closed","sticky":false,"template":"","format":"standard","meta":{"footnotes":""},"categories":[1],"tags":[],"class_list":["post-16422","post","type-post","status-publish","format-standard","has-post-thumbnail","hentry","category-noticias"],"_links":{"self":[{"href":"https:\/\/defensoriaformosa.gob.ar\/index.php?rest_route=\/wp\/v2\/posts\/16422","targetHints":{"allow":["GET"]}}],"collection":[{"href":"https:\/\/defensoriaformosa.gob.ar\/index.php?rest_route=\/wp\/v2\/posts"}],"about":[{"href":"https:\/\/defensoriaformosa.gob.ar\/index.php?rest_route=\/wp\/v2\/types\/post"}],"author":[{"embeddable":true,"href":"https:\/\/defensoriaformosa.gob.ar\/index.php?rest_route=\/wp\/v2\/users\/1"}],"replies":[{"embeddable":true,"href":"https:\/\/defensoriaformosa.gob.ar\/index.php?rest_route=%2Fwp%2Fv2%2Fcomments&post=16422"}],"version-history":[{"count":1,"href":"https:\/\/defensoriaformosa.gob.ar\/index.php?rest_route=\/wp\/v2\/posts\/16422\/revisions"}],"predecessor-version":[{"id":16424,"href":"https:\/\/defensoriaformosa.gob.ar\/index.php?rest_route=\/wp\/v2\/posts\/16422\/revisions\/16424"}],"wp:featuredmedia":[{"embeddable":true,"href":"https:\/\/defensoriaformosa.gob.ar\/index.php?rest_route=\/wp\/v2\/media\/16423"}],"wp:attachment":[{"href":"https:\/\/defensoriaformosa.gob.ar\/index.php?rest_route=%2Fwp%2Fv2%2Fmedia&parent=16422"}],"wp:term":[{"taxonomy":"category","embeddable":true,"href":"https:\/\/defensoriaformosa.gob.ar\/index.php?rest_route=%2Fwp%2Fv2%2Fcategories&post=16422"},{"taxonomy":"post_tag","embeddable":true,"href":"https:\/\/defensoriaformosa.gob.ar\/index.php?rest_route=%2Fwp%2Fv2%2Ftags&post=16422"}],"curies":[{"name":"wp","href":"https:\/\/api.w.org\/{rel}","templated":true}]}}