{"id":16406,"date":"2025-07-28T17:03:26","date_gmt":"2025-07-28T20:03:26","guid":{"rendered":"https:\/\/defensoriaformosa.gob.ar\/?p=16406"},"modified":"2025-07-28T17:03:26","modified_gmt":"2025-07-28T20:03:26","slug":"a-todos-los-beneficiarios-de-pensiones-no-contributivas-que-se-hayan-ausentado-del-territorio-nacional-por-un-periodo-superior-al-de-90-dias-corridos-se-les-suspenderan-las-mismas","status":"publish","type":"post","link":"https:\/\/defensoriaformosa.gob.ar\/?p=16406","title":{"rendered":"A TODOS LOS BENEFICIARIOS DE PENSIONES NO CONTRIBUTIVAS QUE SE HAYAN AUSENTADO DEL TERRITORIO NACIONAL POR UN PERIODO SUPERIOR AL DE 90 DIAS CORRIDOS SE LES SUSPENDERAN LAS MISMAS"},"content":{"rendered":"<p><strong>-Esto puede revertirse, demostrando fehacientemente que los titulares de las pensiones se encuentran nuevamente residiendo en el pa\u00eds-<\/strong><\/p>\n<p><!--more--><\/p>\n<p>Desde la -Direcci\u00f3n de Discapacidad- de la Defensor\u00eda del Pueblo de la Provincia de Formosa, se inform\u00f3 que, el Gobierno Nacional a trav\u00e9s de la ANSES, dejar\u00e1 de pagar algunas Pensiones No Contributivas (PNC) en julio 2025, a todos aquellos beneficiarios, que no hayan cumplido con una serie de recaudos, entre ellos, el establecido mediante la Resoluci\u00f3n N\u00ba 918\/24 publicada en el B.O., en relaci\u00f3n al \u201crequisito de residencia, para aquellos que se hayan ausentado del territorio nacional por un periodo superior al de 90 d\u00edas corridos, los cuales ser\u00e1n pasibles de que el beneficio se le suspenda\u201d. Para verificar el cumplimiento del requisito de residencia, la resoluci\u00f3n explica que se utilizar\u00e1 la \u201cinformaci\u00f3n obrante en las distintas bases de datos de la Anses y aquella remitida por la Direcci\u00f3n de Migraciones\u201d, en el marco de los convenios vigentes entre ambos organismos.<\/p>\n<p>En este punto, el Ombudsman Provincial, Dr. Jos\u00e9 Leonardo Gialluca, se\u00f1al\u00f3 que es necesario aclarar que la normativa tambi\u00e9n establece que una vez determinado dicho incumplimiento, si bien se dar\u00e1 de baja la prestaci\u00f3n, \u201cesto ser\u00e1 hasta tanto la persona titular solicite la activaci\u00f3n del mismo y demuestre fehacientemente que se encuentra realmente residiendo en el pa\u00eds\u201d. Para ello, se sugiri\u00f3 a todos los interesados que necesiten asesoramiento gratuito sobre el particular, acercarse hasta la Instituci\u00f3n en calle Padre Pati\u00f1o N\u00ba 831 o comunicarse a los tel\u00e9fonos 370 4436379 \u2013 4436320 y\/o a los correos electr\u00f3nicos <a href=\"mailto:denuncia@formosa.gov.ar\">denuncia@formosa.gov.ar<\/a> \u2013 <a href=\"mailto:depuefor@fibertel.com.ar\">depuefor@fibertel.com.ar<\/a>.<\/p>\n<p>Por otra parte, el Funcionario Provincial se refiri\u00f3 a todos aquellos casos en que las Pensiones No Contributivas hayan sido suspendidas por la ANDIS por no haberse presentado a la Auditor\u00eda M\u00e9dica u otros motivos, indicando que los interesados, \u201cdeben presentarse en la ANSES y\/o en sus Delegaciones, obteniendo un turno previamente de lunes a viernes de 6:30 a 12:30 horas en Av. Dr. Luis Gutnisky 2400, donde adem\u00e1s, deber\u00e1n llevar la Carta Documento del Correo Argentino que hayan recibido y si no la poseen, pueden presentarse igualmente, a esto se le suma una historia cl\u00ednica completa del a\u00f1o 2025 y estudios m\u00e9dicos que acrediten la discapacidad, debiendo realizarse un descargo por escrito explicando los motivos o causas por lo que no asisti\u00f3 a la Auditor\u00eda M\u00e9dica, m\u00e1s fotocopia del DNI o documento que acredite su identidad\u201d.<\/p>\n","protected":false},"excerpt":{"rendered":"<p>-Esto puede revertirse, demostrando fehacientemente que los titulares de las pensiones se encuentran nuevamente residiendo en el pa\u00eds-<\/p>\n","protected":false},"author":1,"featured_media":16407,"comment_status":"closed","ping_status":"closed","sticky":false,"template":"","format":"standard","meta":{"footnotes":""},"categories":[1],"tags":[],"class_list":["post-16406","post","type-post","status-publish","format-standard","has-post-thumbnail","hentry","category-noticias"],"_links":{"self":[{"href":"https:\/\/defensoriaformosa.gob.ar\/index.php?rest_route=\/wp\/v2\/posts\/16406","targetHints":{"allow":["GET"]}}],"collection":[{"href":"https:\/\/defensoriaformosa.gob.ar\/index.php?rest_route=\/wp\/v2\/posts"}],"about":[{"href":"https:\/\/defensoriaformosa.gob.ar\/index.php?rest_route=\/wp\/v2\/types\/post"}],"author":[{"embeddable":true,"href":"https:\/\/defensoriaformosa.gob.ar\/index.php?rest_route=\/wp\/v2\/users\/1"}],"replies":[{"embeddable":true,"href":"https:\/\/defensoriaformosa.gob.ar\/index.php?rest_route=%2Fwp%2Fv2%2Fcomments&post=16406"}],"version-history":[{"count":1,"href":"https:\/\/defensoriaformosa.gob.ar\/index.php?rest_route=\/wp\/v2\/posts\/16406\/revisions"}],"predecessor-version":[{"id":16408,"href":"https:\/\/defensoriaformosa.gob.ar\/index.php?rest_route=\/wp\/v2\/posts\/16406\/revisions\/16408"}],"wp:featuredmedia":[{"embeddable":true,"href":"https:\/\/defensoriaformosa.gob.ar\/index.php?rest_route=\/wp\/v2\/media\/16407"}],"wp:attachment":[{"href":"https:\/\/defensoriaformosa.gob.ar\/index.php?rest_route=%2Fwp%2Fv2%2Fmedia&parent=16406"}],"wp:term":[{"taxonomy":"category","embeddable":true,"href":"https:\/\/defensoriaformosa.gob.ar\/index.php?rest_route=%2Fwp%2Fv2%2Fcategories&post=16406"},{"taxonomy":"post_tag","embeddable":true,"href":"https:\/\/defensoriaformosa.gob.ar\/index.php?rest_route=%2Fwp%2Fv2%2Ftags&post=16406"}],"curies":[{"name":"wp","href":"https:\/\/api.w.org\/{rel}","templated":true}]}}