{"id":16403,"date":"2025-07-26T19:31:24","date_gmt":"2025-07-26T22:31:24","guid":{"rendered":"https:\/\/defensoriaformosa.gob.ar\/?p=16403"},"modified":"2025-07-26T19:31:24","modified_gmt":"2025-07-26T22:31:24","slug":"el-presidente-javier-milei-es-el-usuario-no-troll-que-mas-insulta-en-redes-sociales","status":"publish","type":"post","link":"https:\/\/defensoriaformosa.gob.ar\/?p=16403","title":{"rendered":"EL PRESIDENTE JAVIER MILEI ES EL USUARIO NO TROLL QUE MAS INSULTA EN REDES SOCIALES"},"content":{"rendered":"<p><strong>-Cuando un presidente insulta m\u00e1s que cualquier otro actor pol\u00edtico, cuando la provocaci\u00f3n es el m\u00e9todo y no la excepci\u00f3n, ya no estamos ante una estrategia de comunicaci\u00f3n, sino frente a un s\u00edntoma de involuci\u00f3n democr\u00e1tica-<\/strong><\/p>\n<p><!--more--><\/p>\n<p>La violencia verbal en redes sociales se duplic\u00f3 en Argentina en los \u00faltimos dos a\u00f1os y medio, seg\u00fan un informe de la Consultora Ad Hoc, donde el ambiente digital del pa\u00eds est\u00e1 marcado por una din\u00e1mica sostenida de insultos, provocaciones y amplificaciones en la que participan pol\u00edticos, periodistas, empresarios y usuarios an\u00f3nimos. En el centro de esa red aparece el Presidente Javier Milei, se\u00f1alado como el mayor generador de insultos entre los usuarios no an\u00f3nimos. Entre enero de 2023 y junio de 2025 se registraron 27,5 millones de insultos en plataformas digitales argentinas. La cantidad mensual de agresiones verbales pas\u00f3 de un promedio de 666 mil a m\u00e1s de 1,3 millones. Los momentos m\u00e1s conflictivos coincidieron con la campa\u00f1a presidencial de 2023, el inicio de la gesti\u00f3n de Milei y el caso LIBRA, en el primer semestre de este a\u00f1o. El informe identifica al presidente como el usuario no troll m\u00e1s agresivo del ecosistema digital. En los \u00faltimos dos a\u00f1os, public\u00f3 y comparti\u00f3 1.589 insultos en redes sociales. Supera a dirigentes de todos los espacios \u2014libertarios, peronistas y macristas\u2014 y su estilo confrontativo no es espor\u00e1dico: forma parte de una estrategia sistem\u00e1tica que incide directamente en la forma en que se construye el debate pol\u00edtico. Milei no se limita a responder: interviene con su nombre, lanza ataques contra adversarios, periodistas o figuras p\u00fablicas, y luego su contenido es amplificado por comunidades afines. Esa l\u00f3gica de ataque y reproducci\u00f3n define una parte sustancial de la conversaci\u00f3n p\u00fablica actual.<\/p>\n<p>El estudio de Ad Hoc describe una estructura tripartita que sostiene esta l\u00f3gica: trolls, provocadores y amplificadores. Trolls: usuarios an\u00f3nimos o cuentas intensivas dedicadas a insultar, agredir o viralizar contenido violento. Provocadores: figuras p\u00fablicas \u2014con legitimidad social o pol\u00edtica\u2014 que toman el lenguaje troll y lo introducen en el debate masivo. Amplificadores: medios de comunicaci\u00f3n o periodistas que, al denunciar el agravio o referenciarlo, contribuyen a expandir su alcance. Ante esta situaci\u00f3n, desde la Defensor\u00eda del Pueblo de la Provincia de Formosa, su Titular Dr. Jos\u00e9 Leonardo Gialluca, advirti\u00f3 que, en cualquier democracia vigorosa, el Presidente tiene un rol ordenador; su palabra orienta, convoca, construye. En la Argentina actual, ocurre lo contrario: desde la m\u00e1xima autoridad del poder se transmite un discurso de destrucci\u00f3n, que tiene consecuencias pol\u00edticas profundas. En una argentina con una democracia fr\u00e1gil y desigual, donde el odio es creciente y la desconfianza se profundiza, el fomento de la violencia verbal y el enfrentamiento permanente siembra un terreno f\u00e9rtil para la antipol\u00edtica, para el \u201cs\u00e1lvese quien pueda\u201d y el Presidente Milei, lejos de combatir este desv\u00edo, la representa y la fortalece diariamente. Frente a esta realidad, es necesario repensar la pol\u00edtica digital. No desde la ingenuidad o la inocencia, sino desde la necesidad concreta de volver a poner la palabra al servicio de la construcci\u00f3n, debatiendo ideas, defendiendo proyectos, desde el respeto al otro, desde el reconocimiento de que sin consensos b\u00e1sicos no hay sociedad posible, toda vez que, cuando un presidente insulta m\u00e1s que cualquier otro actor pol\u00edtico, cuando la provocaci\u00f3n es el m\u00e9todo y no la excepci\u00f3n, ya no estamos ante una estrategia de comunicaci\u00f3n sino frente a un s\u00edntoma de involuci\u00f3n democr\u00e1tica.<\/p>\n<p>Por ello, tenemos todos la necesidad urgente de rechazar este modo de hacer pol\u00edtica, promoviendo otras formas de di\u00e1logos p\u00fablicos para reconstruir la convivencia democr\u00e1tica, m\u00e1xime cuando en la Argentina, una familia debe ganar entre $ 1.889.557 y $ 6.046.584 para ser considerada de clase media y no ser pobre en julio 2025, que permitan al menos obtener empat\u00eda con los sectores m\u00e1s vulnerables de nuestra sociedad y es aqu\u00ed donde el Presidente deber\u00eda aprender a querer muchas cosas que hoy le resultan indiferentes o repugnantes, aunque sea para seguir manteniendo el poder, porque si no, as\u00ed como le lleg\u00f3 con una rapidez impensada, lo perder\u00e1 con la misma rapidez.<\/p>\n<p>&nbsp;<\/p>\n","protected":false},"excerpt":{"rendered":"<p>-Cuando un presidente insulta m\u00e1s que cualquier otro actor pol\u00edtico, cuando la provocaci\u00f3n es el m\u00e9todo y no la excepci\u00f3n, ya no estamos ante una estrategia de comunicaci\u00f3n, sino frente a un s\u00edntoma de involuci\u00f3n democr\u00e1tica-<\/p>\n","protected":false},"author":1,"featured_media":16404,"comment_status":"closed","ping_status":"closed","sticky":false,"template":"","format":"standard","meta":{"footnotes":""},"categories":[1],"tags":[],"class_list":["post-16403","post","type-post","status-publish","format-standard","has-post-thumbnail","hentry","category-noticias"],"_links":{"self":[{"href":"https:\/\/defensoriaformosa.gob.ar\/index.php?rest_route=\/wp\/v2\/posts\/16403","targetHints":{"allow":["GET"]}}],"collection":[{"href":"https:\/\/defensoriaformosa.gob.ar\/index.php?rest_route=\/wp\/v2\/posts"}],"about":[{"href":"https:\/\/defensoriaformosa.gob.ar\/index.php?rest_route=\/wp\/v2\/types\/post"}],"author":[{"embeddable":true,"href":"https:\/\/defensoriaformosa.gob.ar\/index.php?rest_route=\/wp\/v2\/users\/1"}],"replies":[{"embeddable":true,"href":"https:\/\/defensoriaformosa.gob.ar\/index.php?rest_route=%2Fwp%2Fv2%2Fcomments&post=16403"}],"version-history":[{"count":1,"href":"https:\/\/defensoriaformosa.gob.ar\/index.php?rest_route=\/wp\/v2\/posts\/16403\/revisions"}],"predecessor-version":[{"id":16405,"href":"https:\/\/defensoriaformosa.gob.ar\/index.php?rest_route=\/wp\/v2\/posts\/16403\/revisions\/16405"}],"wp:featuredmedia":[{"embeddable":true,"href":"https:\/\/defensoriaformosa.gob.ar\/index.php?rest_route=\/wp\/v2\/media\/16404"}],"wp:attachment":[{"href":"https:\/\/defensoriaformosa.gob.ar\/index.php?rest_route=%2Fwp%2Fv2%2Fmedia&parent=16403"}],"wp:term":[{"taxonomy":"category","embeddable":true,"href":"https:\/\/defensoriaformosa.gob.ar\/index.php?rest_route=%2Fwp%2Fv2%2Fcategories&post=16403"},{"taxonomy":"post_tag","embeddable":true,"href":"https:\/\/defensoriaformosa.gob.ar\/index.php?rest_route=%2Fwp%2Fv2%2Ftags&post=16403"}],"curies":[{"name":"wp","href":"https:\/\/api.w.org\/{rel}","templated":true}]}}