{"id":16378,"date":"2025-07-17T01:32:48","date_gmt":"2025-07-17T04:32:48","guid":{"rendered":"https:\/\/defensoriaformosa.gob.ar\/?p=16378"},"modified":"2025-07-18T01:33:59","modified_gmt":"2025-07-18T04:33:59","slug":"adpra-solicito-al-gobierno-nacional-la-eliminacion-de-todo-tipo-de-practicas-discriminatorias-y-o-arbitrarias-hacia-las-personas-con-discapacidad","status":"publish","type":"post","link":"https:\/\/defensoriaformosa.gob.ar\/?p=16378","title":{"rendered":"ADPRA SOLICIT\u00d3 AL GOBIERNO NACIONAL LA ELIMINACI\u00d3N DE TODO TIPO DE PR\u00c1CTICAS DISCRIMINATORIAS Y\/O ARBITRARIAS HACIA LAS PERSONAS CON DISCAPACIDAD"},"content":{"rendered":"<p><strong>La Asociaci\u00f3n de Defensores del Pueblo de la Rep\u00fablica Argentina (ADPRA), emiti\u00f3 un duro documento en el que insta al Estado Nacional y particularmente a la Agencia Nacional de Discapacidad (ANDIS) a que termine con todo tipo de trato discriminatorio y\/o arbitrario contra las personas con discapacidad. El documento, denuncia que desde el Estado Nacional se ha operado, en los \u00faltimos a\u00f1os, un retroceso alarmante en la garant\u00eda de ejercicio de derechos fundamentales de las personas con discapacidad en nuestro pa\u00eds.<\/strong><\/p>\n<p><!--more--><\/p>\n<p>El dictado de un decreto, que lleva el n\u00famero 843\/24, por parte del Presidente de la Naci\u00f3n, Javier Milei, pretendi\u00f3 volver a un regresivo criterio biologicista de la concepci\u00f3n de la discapacidad, que no tiene en cuenta circunstancias sociales, econ\u00f3micas e incluso culturales que deben vivir las personas de este colectivo y que deben afrontar para tener una vida digna y es por ello que, fijan un tope tan alto en el porcentaje de discapacidad para acceder a los beneficios sociales, cual es del 66 %. No conforme con llevar al l\u00edmite las posibilidades para acceder a una pensi\u00f3n, sostiene que el beneficiario de la misma, no deber\u00e1 tener parientes que lo deban asistir. Lo que deja a las personas con discapacidad a la merced de familiares que, en muchos casos, no les prestan ninguna asistencia, resultando conden\u00e1ndolos a vivir una vida miserable, pues la sociedad los descarta, por medio de este tipo de normas mezquinas y la familia tampoco los acoge. El fuerte documento, da muestra de los fundamentos de la instancia realizada, al remarcar que han sido dictadas por parte de la Agencia Nacional de Discapacidad (ANDIS) normas como la Resoluci\u00f3n N\u00ba 187\/2025, que pretendi\u00f3 calificar a las personas con discapacidad como \u201cidiotas\u201d, \u201cimb\u00e9ciles\u201d, \u201cd\u00e9biles mentales\u201d y \u201cretardados\u201d, lo cual tuvo que ser dejado sin efecto por la presi\u00f3n de toda una sociedad, las Defensor\u00edas del Pueblo y otros estamentos p\u00fablicos y privados. A rengl\u00f3n seguido, fue iniciada una auditor\u00eda en todo el pa\u00eds, totalmente improvisada, mediante el env\u00edo masivo de cartas documentos, intim\u00e1ndolos a acreditar, sin especificar como, su condici\u00f3n de discapacidad, cit\u00e1ndolos en lugares inexistentes, sin posibilidad de conocer el procedimiento, como realizar sus defensas ante la imposibilidad de acudir y en abierta violaci\u00f3n a la ley de acceso a la informaci\u00f3n p\u00fablica, todo en medio de anuncios de eliminar m\u00e1s de 170.000 pensiones por discapacidad. Lo cual coloc\u00f3 en un enorme estado de zozobra a los beneficiarios. Como consecuencia, comenzaron a llegar las notificaciones de baja de pensiones a quienes, ni siquiera se les permiti\u00f3 ejercer su defensa. Desde las Defensor\u00edas del Pueblo, se han realizado las instancias para el cese de este proceso macabro iniciado, sin recibir respuesta alguna. Por ello, lo fuerte del requerimiento de ADPRA que no solo solicit\u00f3 al Gobierno Nacional, en general, el cese de las pr\u00e1cticas discriminatorias y arbitrarias contra las personas con discapacidad, sino que, conjuntamente, la derogaci\u00f3n del Decreto N\u00ba 843\/24, dictado por Milei, por ir en contra de la Constituci\u00f3n Nacional, la Convenci\u00f3n sobre los Derechos de las Personas con Discapacidad y ser regresivo. La restituci\u00f3n de compatibilidad entre pensiones y empleos remunerados, como herramienta de inclusi\u00f3n; la reapertura de las oficinas de ANDIS, cerradas muchas de ellas a lo largo de todo el pa\u00eds; el tratamiento de nuevos beneficios, que tambi\u00e9n est\u00e1n paralizados; la atenci\u00f3n adecuada en la Superintendencia de Servicios de Salud, tambi\u00e9n anulada por el Gobierno Nacional, pues han reducido personal al punto de tornarlas inoperantes, as\u00ed como el respeto a las Convenciones a los Derechos del Ni\u00f1o y las Personas con Discapacidad, a fin de asegurar la vigencia plena de sus derechos.<\/p>\n<p>Sobre este particular, el Defensor del Pueblo de la Provincia, Jos\u00e9 Leonardo Gialluca, que ocupa la Vicepresidencia Segunda de ADPRA, expres\u00f3: \u201cLo claro del documento, me releva de mayores detalles, m\u00e1s que decir que, nuestro pa\u00eds, desde los tiempos m\u00e1s oscuros de nuestra historia, no registra el nivel de crueldad en el trato que hoy recibe un colectivo que se caracteriza por la escasa o nula posibilidad de hacer frente al atropello a sus derechos que, desde el propio Estado Nacional, se les est\u00e1 propinando. Vamos a insistir en que cesen estos abusos, haciendo uso de todas las herramientas legales a nuestro alcance y esperando que se mantenga como hasta ahora, un alto apoyo social a nuestras acciones, lo que lograr\u00e1 finalmente revertir los da\u00f1os que se est\u00e1n causando, siempre con el apoyo Institucional del Congreso de la Naci\u00f3n y de la Justicia en general\u201d.<\/p>\n","protected":false},"excerpt":{"rendered":"<p>La Asociaci\u00f3n de Defensores del Pueblo de la Rep\u00fablica Argentina (ADPRA), emiti\u00f3 un duro documento en el que insta al Estado Nacional y particularmente a la Agencia Nacional de Discapacidad (ANDIS) a que termine con todo tipo de trato discriminatorio y\/o arbitrario contra las personas con discapacidad. El documento, denuncia que desde el Estado Nacional [&hellip;]<\/p>\n","protected":false},"author":1,"featured_media":16379,"comment_status":"closed","ping_status":"closed","sticky":false,"template":"","format":"standard","meta":{"footnotes":""},"categories":[1],"tags":[],"class_list":["post-16378","post","type-post","status-publish","format-standard","has-post-thumbnail","hentry","category-noticias"],"_links":{"self":[{"href":"https:\/\/defensoriaformosa.gob.ar\/index.php?rest_route=\/wp\/v2\/posts\/16378","targetHints":{"allow":["GET"]}}],"collection":[{"href":"https:\/\/defensoriaformosa.gob.ar\/index.php?rest_route=\/wp\/v2\/posts"}],"about":[{"href":"https:\/\/defensoriaformosa.gob.ar\/index.php?rest_route=\/wp\/v2\/types\/post"}],"author":[{"embeddable":true,"href":"https:\/\/defensoriaformosa.gob.ar\/index.php?rest_route=\/wp\/v2\/users\/1"}],"replies":[{"embeddable":true,"href":"https:\/\/defensoriaformosa.gob.ar\/index.php?rest_route=%2Fwp%2Fv2%2Fcomments&post=16378"}],"version-history":[{"count":1,"href":"https:\/\/defensoriaformosa.gob.ar\/index.php?rest_route=\/wp\/v2\/posts\/16378\/revisions"}],"predecessor-version":[{"id":16380,"href":"https:\/\/defensoriaformosa.gob.ar\/index.php?rest_route=\/wp\/v2\/posts\/16378\/revisions\/16380"}],"wp:featuredmedia":[{"embeddable":true,"href":"https:\/\/defensoriaformosa.gob.ar\/index.php?rest_route=\/wp\/v2\/media\/16379"}],"wp:attachment":[{"href":"https:\/\/defensoriaformosa.gob.ar\/index.php?rest_route=%2Fwp%2Fv2%2Fmedia&parent=16378"}],"wp:term":[{"taxonomy":"category","embeddable":true,"href":"https:\/\/defensoriaformosa.gob.ar\/index.php?rest_route=%2Fwp%2Fv2%2Fcategories&post=16378"},{"taxonomy":"post_tag","embeddable":true,"href":"https:\/\/defensoriaformosa.gob.ar\/index.php?rest_route=%2Fwp%2Fv2%2Ftags&post=16378"}],"curies":[{"name":"wp","href":"https:\/\/api.w.org\/{rel}","templated":true}]}}