{"id":16365,"date":"2025-07-11T00:08:17","date_gmt":"2025-07-11T03:08:17","guid":{"rendered":"https:\/\/defensoriaformosa.gob.ar\/?p=16365"},"modified":"2025-07-16T00:14:22","modified_gmt":"2025-07-16T03:14:22","slug":"la-ley-de-emergencia-en-discapacidad-establece-que-se-podra-acceder-a-una-pension-por-invalidez-solo-con-el-certificado-unico-de-discapacidad-cud","status":"publish","type":"post","link":"https:\/\/defensoriaformosa.gob.ar\/?p=16365","title":{"rendered":"LA LEY DE EMERGENCIA EN DISCAPACIDAD ESTABLECE QUE SE PODRA ACCEDER A UNA PENSION POR INVALIDEZ SOLO CON EL CERTIFICADO UNICO DE DISCAPACIDAD (CUD)"},"content":{"rendered":"<p><strong>Desde la -Direcci\u00f3n de Discapacidad- de la Defensor\u00eda del Pueblo de la Provincia de Formosa, ante la aprobaci\u00f3n por unanimidad en el Senado de la Naci\u00f3n de la Ley de Emergencia en Discapacidad, se advirti\u00f3 que, \u201cel Presidente Javier Milei debe respetar la voluntad del Congreso y de las Provincias, si veta esta Ley, esperamos que el Congreso insista y vuelva a aprobarla, porque esta norma no es una cuesti\u00f3n de pol\u00edtica, es una cuesti\u00f3n de dignidad y de vida o muerte de miles de personas\u201d. <\/strong><\/p>\n<p><!--more--><\/p>\n<p>El Ombudsman Provincial, Dr. Jos\u00e9 Leonardo Gialluca, afirm\u00f3 que, cualquier equilibrio fiscal se logra garantizando condiciones de vida digna y en nuestro territorio, el Gobierno Provincial, contin\u00faa sosteniendo diversos servicios a favor de las personas con discapacidad con recursos propios, haciendo un esfuerzo enorme para cubrir lo que Naci\u00f3n ha dejado de financiar, y por eso, consideramos que todo ello no es un gasto, sino m\u00e1s bien, es una inversi\u00f3n en dignidad, \u201ctoda vez que el Estado Provincial est\u00e1 garantizando derechos y no haciendo caridad\u201d. Por otra parte, el Funcionario Provincial, inform\u00f3 que la Ley aprobada, aborda 2 problemas urgentes que atraviesa el colectivo de la discapacidad: 1) es el ajuste sobre los prestadores, comprendiendo un universo de m\u00e1s de 100 mil puestos de trabajo directos e indirectos, que asisten a unas 250 mil personas por obra social y del sistema p\u00fablico. Son profesionales, enfermeros, m\u00e9dicos, acompa\u00f1antes terap\u00e9uticos, escolares, transportistas y especialistas en rehabilitaci\u00f3n: todos ellos tienen sus ingresos congelados desde diciembre, cuando recibieron un \u00faltimo aumento mezquino, del 0,4 por ciento. Tienen un retraso respecto de la inflaci\u00f3n de casi 70 puntos.<\/p>\n<p>Las instituciones no tienen de d\u00f3nde sacar los recursos para pagarles: la ANDIS, el organismo que regula las pol\u00edticas p\u00fablicas para el sector, no convoca a la reuni\u00f3n de directorio para actualizar el valor de la hora de servicio. Una maestra de apoyo, por ejemplo, est\u00e1 cobrando menos de 3.200 pesos la hora. Como el Gobierno Nacional no actualiza ese \u201cnomenclador\u201d, el proyecto lo obliga a hacerlo todos los meses de acuerdo al IPC de inflaci\u00f3n. 2) El ajuste sobre las pensiones: como venimos denunciando desde el 2024, el Gobierno Nacional se propone recortar, a trav\u00e9s de una auditor\u00eda en curso, unas 400 mil pensiones por invalidez. Casi un tercio del total. El resultado de la auditor\u00eda estar\u00e1 para fin de a\u00f1o, pero mientras tanto, la ANDIS se ocup\u00f3 de endurecer los requisitos para futuros beneficiarios.<\/p>\n<p>A trav\u00e9s de la misma resoluci\u00f3n que conten\u00eda insultos como \u201cidiota\u201d para referirse al colectivo, estableci\u00f3 que para acceder a la pensi\u00f3n hay que acreditar una \u201cinvalidez laboral total\u201d, del 66 por ciento. Adem\u00e1s, la volvi\u00f3 incompatible con tener un trabajo formal. Eso deja al margen a un amplio universo de personas. Ahora, la ley revierte ese retroceso: se podr\u00e1 acceder s\u00f3lo con el Certificado \u00danico de Discapacidad (CUD), y con ello, seg\u00fan la Oficina de Presupuesto del Congreso, el cambio \u00abpodr\u00eda aumentar el n\u00famero de beneficiarios por nuevas altas entre 493 mil y 946 mil personas\u00bb, lo que supone \u00abun refuerzo fiscal equivalente al 0,22% y 0,42% del PBI\u00bb, el proyecto propone que esos fondos salgan de la reasignaci\u00f3n de partidas.<\/p>\n","protected":false},"excerpt":{"rendered":"<p>Desde la -Direcci\u00f3n de Discapacidad- de la Defensor\u00eda del Pueblo de la Provincia de Formosa, ante la aprobaci\u00f3n por unanimidad en el Senado de la Naci\u00f3n de la Ley de Emergencia en Discapacidad, se advirti\u00f3 que, \u201cel Presidente Javier Milei debe respetar la voluntad del Congreso y de las Provincias, si veta esta Ley, esperamos [&hellip;]<\/p>\n","protected":false},"author":1,"featured_media":16366,"comment_status":"closed","ping_status":"closed","sticky":false,"template":"","format":"standard","meta":{"footnotes":""},"categories":[1],"tags":[],"class_list":["post-16365","post","type-post","status-publish","format-standard","has-post-thumbnail","hentry","category-noticias"],"_links":{"self":[{"href":"https:\/\/defensoriaformosa.gob.ar\/index.php?rest_route=\/wp\/v2\/posts\/16365","targetHints":{"allow":["GET"]}}],"collection":[{"href":"https:\/\/defensoriaformosa.gob.ar\/index.php?rest_route=\/wp\/v2\/posts"}],"about":[{"href":"https:\/\/defensoriaformosa.gob.ar\/index.php?rest_route=\/wp\/v2\/types\/post"}],"author":[{"embeddable":true,"href":"https:\/\/defensoriaformosa.gob.ar\/index.php?rest_route=\/wp\/v2\/users\/1"}],"replies":[{"embeddable":true,"href":"https:\/\/defensoriaformosa.gob.ar\/index.php?rest_route=%2Fwp%2Fv2%2Fcomments&post=16365"}],"version-history":[{"count":1,"href":"https:\/\/defensoriaformosa.gob.ar\/index.php?rest_route=\/wp\/v2\/posts\/16365\/revisions"}],"predecessor-version":[{"id":16367,"href":"https:\/\/defensoriaformosa.gob.ar\/index.php?rest_route=\/wp\/v2\/posts\/16365\/revisions\/16367"}],"wp:featuredmedia":[{"embeddable":true,"href":"https:\/\/defensoriaformosa.gob.ar\/index.php?rest_route=\/wp\/v2\/media\/16366"}],"wp:attachment":[{"href":"https:\/\/defensoriaformosa.gob.ar\/index.php?rest_route=%2Fwp%2Fv2%2Fmedia&parent=16365"}],"wp:term":[{"taxonomy":"category","embeddable":true,"href":"https:\/\/defensoriaformosa.gob.ar\/index.php?rest_route=%2Fwp%2Fv2%2Fcategories&post=16365"},{"taxonomy":"post_tag","embeddable":true,"href":"https:\/\/defensoriaformosa.gob.ar\/index.php?rest_route=%2Fwp%2Fv2%2Ftags&post=16365"}],"curies":[{"name":"wp","href":"https:\/\/api.w.org\/{rel}","templated":true}]}}