{"id":16355,"date":"2025-07-07T21:16:09","date_gmt":"2025-07-08T00:16:09","guid":{"rendered":"https:\/\/defensoriaformosa.gob.ar\/?p=16355"},"modified":"2025-07-07T21:16:09","modified_gmt":"2025-07-08T00:16:09","slug":"en-el-ii-plenario-de-adpra-llevado-a-cabo-en-santiago-del-estero-se-planteo-exigir-a-la-andis-asegure-un-trato-digno-y-equitativo-en-todo-el-pais-a-las-personas-con-discapacidad","status":"publish","type":"post","link":"https:\/\/defensoriaformosa.gob.ar\/?p=16355","title":{"rendered":"EN EL II PLENARIO DE ADPRA LLEVADO A CABO EN SANTIAGO DEL ESTERO SE PLANTEO EXIGIR A LA ANDIS ASEGURE UN TRATO DIGNO Y EQUITATIVO EN TODO EL PAIS A LAS PERSONAS CON DISCAPACIDAD"},"content":{"rendered":"<p><strong>-Gialluca se\u00f1al\u00f3 que, el plan de privatizaci\u00f3n de rutas nacionales, no es m\u00e1s que un -Plan Menem II- pues son id\u00e9nticos contratos, de la d\u00e9cada del 90, actualizados con respecto a las garant\u00edas y a las condiciones de recupero de la inversi\u00f3n, evidenci\u00e1ndose que la pol\u00edtica del Estado Nacional, es \u201ctrasladar el costo de mantenimiento y operaci\u00f3n de las rutas a los usuarios, sum\u00e1ndosele otros costos directos, para quienes transitan las mismas, como lo son el control de cargas, la seguridad, el auxilio y la se\u00f1al\u00e9tica\u201d-<\/strong><\/p>\n<p><!--more--><\/p>\n<p>La Defensor\u00eda del Pueblo de la Provincia de Formosa, particip\u00f3 en el II Plenario Anual de ADPRA llevado a cabo los d\u00edas 3 y 4 de julio en la Ciudad de Santiago del Estero, a trav\u00e9s de su Asesor Legal Fernando Sosa, en donde Luis Ger Titular de la Defensor\u00eda del Pueblo de la Ciudad Capital, se\u00f1al\u00f3 que, durante las dos jornadas se abordaron variadas tem\u00e1ticas de suma importancia y que se centran en problem\u00e1ticas, nacionales, provinciales y municipales, siendo todos relevantes, pero se debi\u00f3 priorizar los m\u00e1s demandados por los ciudadanos, entre los que se encuentran el estado de las rutas nacionales, el aumento de siniestros viales, el proceso de privatizaciones y la ausencia de obras nuevas esenciales en pliegos licitatorios.<\/p>\n<p>El Representante del Organismo de la Constituci\u00f3n por la Provincia de Formosa, expuso y present\u00f3, la necesidad de que se intime a la Agencia Nacional de Discapacidad (ANDIS), a llevar adelante una adecuada atenci\u00f3n de las personas vulnerables, cuya asistencia cae en la esfera de sus obligaciones, de esta forma, ADPRA (Asociaci\u00f3n de Defensores del Pueblo de la Rep\u00fablica Argentina) Instar\u00e1 a la ANDIS a: 1) Extiendan los horarios de atenci\u00f3n en sus oficinas, que a\u00fan funcionan a fin de dar adecuadas respuestas a las demandas que se formulan, 2) Implementen mecanismos que aseguren el acceso a la informaci\u00f3n de las personas con discapacidad, debiendo ser la misma, clara y precisa, 3) Garantizar la disponibilidad de personal suficiente y capacitado conforme a las necesidades del colectivo destinatario, 4) Remitir a la Asociaci\u00f3n el listado de beneficiarios alcanzados por las Auditor\u00edas hasta ahora realizadas, as\u00ed como los domicilios de las mismas y por \u00faltimo, 5) Derogar el Decreto N\u00ba 843\/24 que modifica los requisitos para acceder y mantener la Pensi\u00f3n No Contributiva por Invalidez Laboral y se revoque la Disposici\u00f3n N\u00ba 187\/25 (ANDIS) que aprueba el \u201cBaremo para la evaluaci\u00f3n m\u00e9dica de invalidez de las Pensiones no Contributivas por Invalidez Laboral\u201d, regulaciones que implican un retorno al modelo m\u00e9dico de la discapacidad y por lo tanto un grave retroceso para los derechos de las personas que se encuentran en esa situaci\u00f3n.<\/p>\n<p>Por su parte, el Ombudsman Provincial, Dr. Jos\u00e9 Leonardo Gialluca, consultado sobre la Audiencia P\u00fablica convocada por Vialidad Nacional en la Ciudad de Resistencia el viernes 4 de julio y donde se puso a consideraci\u00f3n de la ciudadan\u00eda 3 de los 8 tramos que se privatizar\u00e1n en la III etapa planificada (Chaco, Santa Fe, Litoral y Noreste), se\u00f1al\u00f3 que, \u201ceste plan de privatizaci\u00f3n de rutas, llevado a cabo en momentos en que el Gobierno Nacional planea disolver Vialidad Nacional, nos pareci\u00f3 extra\u00f1o y adem\u00e1s, el mismo, no es m\u00e1s que un -Plan Menem II- pues son id\u00e9nticos contratos de la d\u00e9cada del 90, actualizados con respecto a las garant\u00edas y a las condiciones de recupero de la inversi\u00f3n, evidenci\u00e1ndose crudamente que la pol\u00edtica del Estado Nacional, es trasladar el costo de mantenimiento y operaci\u00f3n de las rutas nacionales a los usuarios, sum\u00e1ndosele otros costos directos para quienes transitan las rutas como lo son el control de cargas, la seguridad, el auxilio y la se\u00f1al\u00e9tica\u201d. Por \u00faltimo, a\u00f1adi\u00f3 que, ya circula el Proyecto del PEN que plantea un dr\u00e1stico recorte en el \u00e1rea de transporte y control vial y conforme al cual, la Direcci\u00f3n Nacional de Vialidad, creada en 1958, ser\u00eda eliminada y sus funciones -estudios, licitaciones, mantenimiento y obras sobre rutas nacionales- ser\u00edan absorbidas por el Ministerio de Econom\u00eda, que tambi\u00e9n podr\u00e1 delegarlas a provincias o al sector privado.<\/p>\n<p>El Gobierno argumenta que la DNV representa una estructura \u201cexcesivamente onerosa\u201d, con 477 cargos jer\u00e1rquicos y una dotaci\u00f3n de personal que creci\u00f3 un 148 % en los \u00faltimos 15 a\u00f1os. Tambi\u00e9n se\u00f1ala que muchas tareas, como desmalezado y mantenimiento, ya est\u00e1n parcialmente tercerizadas. Otro punto central del proyecto es la disoluci\u00f3n de la ANSV, creada en 2008, y el traspaso de sus funciones a dos actores: la Secretar\u00eda de Transporte y la Gendarmer\u00eda Nacional Argentina, que quedar\u00eda a cargo del control de tr\u00e1nsito en rutas, sanciones e infracciones. El proyecto se\u00f1ala que la reorganizaci\u00f3n busca reducir el gasto p\u00fablico y garantizar eficiencia, pero Gialluca consider\u00f3 que, en la pr\u00e1ctica, la eliminaci\u00f3n de organismos claves como Vialidad Nacional podr\u00eda abrir un conflicto federal, laboral y judicial, si finalmente el decreto se firmara.<\/p>\n","protected":false},"excerpt":{"rendered":"<p>-Gialluca se\u00f1al\u00f3 que, el plan de privatizaci\u00f3n de rutas nacionales, no es m\u00e1s que un -Plan Menem II- pues son id\u00e9nticos contratos, de la d\u00e9cada del 90, actualizados con respecto a las garant\u00edas y a las condiciones de recupero de la inversi\u00f3n, evidenci\u00e1ndose que la pol\u00edtica del Estado Nacional, es \u201ctrasladar el costo de mantenimiento [&hellip;]<\/p>\n","protected":false},"author":1,"featured_media":16356,"comment_status":"closed","ping_status":"closed","sticky":false,"template":"","format":"standard","meta":{"footnotes":""},"categories":[1],"tags":[],"class_list":["post-16355","post","type-post","status-publish","format-standard","has-post-thumbnail","hentry","category-noticias"],"_links":{"self":[{"href":"https:\/\/defensoriaformosa.gob.ar\/index.php?rest_route=\/wp\/v2\/posts\/16355","targetHints":{"allow":["GET"]}}],"collection":[{"href":"https:\/\/defensoriaformosa.gob.ar\/index.php?rest_route=\/wp\/v2\/posts"}],"about":[{"href":"https:\/\/defensoriaformosa.gob.ar\/index.php?rest_route=\/wp\/v2\/types\/post"}],"author":[{"embeddable":true,"href":"https:\/\/defensoriaformosa.gob.ar\/index.php?rest_route=\/wp\/v2\/users\/1"}],"replies":[{"embeddable":true,"href":"https:\/\/defensoriaformosa.gob.ar\/index.php?rest_route=%2Fwp%2Fv2%2Fcomments&post=16355"}],"version-history":[{"count":1,"href":"https:\/\/defensoriaformosa.gob.ar\/index.php?rest_route=\/wp\/v2\/posts\/16355\/revisions"}],"predecessor-version":[{"id":16357,"href":"https:\/\/defensoriaformosa.gob.ar\/index.php?rest_route=\/wp\/v2\/posts\/16355\/revisions\/16357"}],"wp:featuredmedia":[{"embeddable":true,"href":"https:\/\/defensoriaformosa.gob.ar\/index.php?rest_route=\/wp\/v2\/media\/16356"}],"wp:attachment":[{"href":"https:\/\/defensoriaformosa.gob.ar\/index.php?rest_route=%2Fwp%2Fv2%2Fmedia&parent=16355"}],"wp:term":[{"taxonomy":"category","embeddable":true,"href":"https:\/\/defensoriaformosa.gob.ar\/index.php?rest_route=%2Fwp%2Fv2%2Fcategories&post=16355"},{"taxonomy":"post_tag","embeddable":true,"href":"https:\/\/defensoriaformosa.gob.ar\/index.php?rest_route=%2Fwp%2Fv2%2Ftags&post=16355"}],"curies":[{"name":"wp","href":"https:\/\/api.w.org\/{rel}","templated":true}]}}