{"id":16339,"date":"2025-07-01T19:03:49","date_gmt":"2025-07-01T22:03:49","guid":{"rendered":"https:\/\/defensoriaformosa.gob.ar\/?p=16339"},"modified":"2025-07-02T17:38:07","modified_gmt":"2025-07-02T20:38:07","slug":"el-odepoe-repudio-a-los-pseudo-democratas-que-odian-la-democracia-y-solicitan-la-intervencion-federal","status":"publish","type":"post","link":"https:\/\/defensoriaformosa.gob.ar\/?p=16339","title":{"rendered":"EL ODEPOE REPUDIO A LOS PSEUDO DEMOCRATAS QUE ODIAN LA DEMOCRACIA Y SOLICITAN LA INTERVENCION FEDERAL"},"content":{"rendered":"<p><strong>Desde el Observatorio de Derechos Electorales y Pol\u00edticos -ODEPOE- de la Defensor\u00eda del Pueblo de la Provincia de Formosa, por un lado, se dio a conocer que, el Observatorio de Estudios Electorales y Pol\u00edticos Institucionales (OEEPI) de la Facultad de Ciencias Jur\u00eddicas y Sociales de la Universidad Nacional de la Plata, autorizado como uno de los tantos \u201cAcompa\u00f1antes C\u00edvicos\u201d por el Tribunal Electoral Permanente (TEP), en una -Declaraci\u00f3n Preliminar- se\u00f1alaron que, las elecciones del domingo 29 de junio, donde m\u00e1s de 480 mil formose\u00f1as\/os estuvieron habilitados para sufragar, \u201clos mismos votaron con normalidad a lo largo de la jornada, existiendo fiscales de los distintos sublemas que presenciaron los escrutinios provisorios en cada mesa, siendo la actividad electoral tranquila y transparente\u201d, a\u00f1adiendo que las informaciones de las Actas de Escrutinio garantizaron la claridad y trazabilidad del sistema de transmisi\u00f3n de resultado, encontr\u00e1ndose nuestro Observatorio en elaboraci\u00f3n de un completo informe que ser\u00e1 presentado al Tribunal Electoral.<\/strong><\/p>\n<p><!--more--><\/p>\n<p>Por otra parte, el &#8211;<strong>ODEPOE<\/strong>&#8211; <strong>expres\u00f3<\/strong> profunda preocupaci\u00f3n, por el <strong>absurdo<\/strong> de quienes, en contra de la voluntad popular, alzan hoy voces, a favor de la \u201c<strong>intervenci\u00f3n federal<\/strong>\u201d <strong>bajo el pretexto de resguardar la democracia<\/strong>. Y si estas expresiones, desatinadas provienen de funcionarios, <strong>cuyo pasado pol\u00edtico<\/strong>, les impide reconocer formas democr\u00e1ticas o c\u00f3mo acceder al poder, por medio de las urnas, no generar\u00edan tanta inquietud, pero s\u00ed, causa pena, de que sean, precisamente \u201c<strong>reconocidos constitucionalistas<\/strong>\u201d los que propicien una intervenci\u00f3n federal, porque supuestamente en la Provincia de Formosa, no se respeta el sistema democr\u00e1tico y republicano. La pregunta siguiente ser\u00eda \u00bf<strong>es m\u00e1s democr\u00e1tico, intervenir con una persona no elegida \u201ciluminada\u201d, contra la decisi\u00f3n del voto popular<\/strong>? donde reside la democracia en esa decisi\u00f3n y a quienes pretenden proteger? \u00bfC\u00f3mo proyectan \u201crecomponer las instituciones locales?, acaso despojando del poder leg\u00edtimo a los elegidos o proscribiendo a quienes pretenden ser electos? <strong>En qu\u00e9 facultad de derecho se ense\u00f1a que la democracia se ejerce a trav\u00e9s de las decisiones de unos pocos contra la decisi\u00f3n de la mayor\u00eda<\/strong>? Por qu\u00e9 se parte de la base que la decisi\u00f3n de la mayor\u00eda est\u00e1 viciada? Por qu\u00e9 los votos a un partido se presumen viciados y los otros no? Es acaso democr\u00e1tico que, un peque\u00f1o n\u00famero de jueces, constitucionalistas, periodistas, opin\u00f3logos, etc., insulten a una ciudadan\u00eda electoral, cuyo compromiso es indiscutible, porque su \u201cverdad\u201d no se impone. \u00a0Alguna vez analizaron el por qu\u00e9 de los movimientos sociales s\u00f3lidos extendidos en el tiempo gozan de consenso?.<\/p>\n<p>Hay que reconocer la dignidad en la regla de la mayor\u00eda y ver con sospecha cualquier desviaci\u00f3n de ella; m\u00e1s a\u00fan, con \u201c<strong>tantas personas interesadas en el futuro de nuestra provincia<\/strong>\u201d <strong>otrora la m\u00e1s olvidada y hasta confundida con otras jurisdicciones<\/strong>. Y si se pretende proteger la \u201cRep\u00fablica\u201d \u00bfacaso se reencausa la autonom\u00eda cuando lo que precisamente se pretende es violarla? <strong>o no saben que la autonom\u00eda es justamente el derecho de cada provincia de darse sus propias instituciones<\/strong>. Los republicanos tampoco deber\u00edan desvelarse por Formosa, porque pese a que hay temas m\u00e1s graves que deben alertarlos, ya la <strong>CSJN<\/strong> se ha expedido respecto a sus \u201cideas\u201d sobre la rep\u00fablica, sin respetar claro est\u00e1, la autonom\u00eda provincial, pero sus desaciertos son tantos que, ya llevar\u00edan a un tratado que excede los l\u00edmites de una publicaci\u00f3n. Y si en v\u00edsperas de una <strong>Convenci\u00f3n Constituyente<\/strong>, cuya soberan\u00eda es indiscutible, nuevamente reeditan la \u201clegitimidad\u201d con la excusa de la decisi\u00f3n de la Corte, no queda opci\u00f3n que invitarlos a leer el fallo respecto a la reelecci\u00f3n para entender que, ni la Corte aun avasallando la autonom\u00eda de la Provincia lleg\u00f3 a oponerse a la voluntad popular.<\/p>\n<p>El Pueblo Formose\u00f1o ha tomado una decisi\u00f3n y decidiremos los principios y normas, a las cuales nos someteremos, pues si los representantes y la pol\u00edtica del gobierno sobre cuestiones vitales que afectan a toda la poblaci\u00f3n, ha de ser irremediablemente determinada por las decisiones de la Corte Suprema o de una mayor\u00eda legislativa Nacional a trav\u00e9s de la intervenci\u00f3n federal, <strong>el Pueblo de Formosa habr\u00e1 dejado de ser su propio gobernante, habr\u00e1 renunciado en la pr\u00e1ctica a su gobierno y todo lo habr\u00e1 dejado en manos de aquellos dem\u00f3cratas que odian la democracia.<\/strong><\/p>\n","protected":false},"excerpt":{"rendered":"<p>Desde el Observatorio de Derechos Electorales y Pol\u00edticos -ODEPOE- de la Defensor\u00eda del Pueblo de la Provincia de Formosa, por un lado, se dio a conocer que, el Observatorio de Estudios Electorales y Pol\u00edticos Institucionales (OEEPI) de la Facultad de Ciencias Jur\u00eddicas y Sociales de la Universidad Nacional de la Plata, autorizado como uno de [&hellip;]<\/p>\n","protected":false},"author":1,"featured_media":16340,"comment_status":"closed","ping_status":"closed","sticky":false,"template":"","format":"standard","meta":{"footnotes":""},"categories":[1],"tags":[],"class_list":["post-16339","post","type-post","status-publish","format-standard","has-post-thumbnail","hentry","category-noticias"],"_links":{"self":[{"href":"https:\/\/defensoriaformosa.gob.ar\/index.php?rest_route=\/wp\/v2\/posts\/16339","targetHints":{"allow":["GET"]}}],"collection":[{"href":"https:\/\/defensoriaformosa.gob.ar\/index.php?rest_route=\/wp\/v2\/posts"}],"about":[{"href":"https:\/\/defensoriaformosa.gob.ar\/index.php?rest_route=\/wp\/v2\/types\/post"}],"author":[{"embeddable":true,"href":"https:\/\/defensoriaformosa.gob.ar\/index.php?rest_route=\/wp\/v2\/users\/1"}],"replies":[{"embeddable":true,"href":"https:\/\/defensoriaformosa.gob.ar\/index.php?rest_route=%2Fwp%2Fv2%2Fcomments&post=16339"}],"version-history":[{"count":3,"href":"https:\/\/defensoriaformosa.gob.ar\/index.php?rest_route=\/wp\/v2\/posts\/16339\/revisions"}],"predecessor-version":[{"id":16343,"href":"https:\/\/defensoriaformosa.gob.ar\/index.php?rest_route=\/wp\/v2\/posts\/16339\/revisions\/16343"}],"wp:featuredmedia":[{"embeddable":true,"href":"https:\/\/defensoriaformosa.gob.ar\/index.php?rest_route=\/wp\/v2\/media\/16340"}],"wp:attachment":[{"href":"https:\/\/defensoriaformosa.gob.ar\/index.php?rest_route=%2Fwp%2Fv2%2Fmedia&parent=16339"}],"wp:term":[{"taxonomy":"category","embeddable":true,"href":"https:\/\/defensoriaformosa.gob.ar\/index.php?rest_route=%2Fwp%2Fv2%2Fcategories&post=16339"},{"taxonomy":"post_tag","embeddable":true,"href":"https:\/\/defensoriaformosa.gob.ar\/index.php?rest_route=%2Fwp%2Fv2%2Ftags&post=16339"}],"curies":[{"name":"wp","href":"https:\/\/api.w.org\/{rel}","templated":true}]}}