{"id":16324,"date":"2025-06-24T17:36:13","date_gmt":"2025-06-24T20:36:13","guid":{"rendered":"https:\/\/defensoriaformosa.gob.ar\/?p=16324"},"modified":"2025-06-25T17:40:20","modified_gmt":"2025-06-25T20:40:20","slug":"repudian-hecho-registrado-en-lr-111-que-involucro-agresiones-mutuas-entre-una-diputada-y-una-vecina","status":"publish","type":"post","link":"https:\/\/defensoriaformosa.gob.ar\/?p=16324","title":{"rendered":"REPUDIAN HECHO REGISTRADO EN LR 111 QUE INVOLUCRO AGRESIONES MUTUAS ENTRE UNA DIPUTADA Y UNA VECINA"},"content":{"rendered":"<p><strong>Gialluca: \u201cNo se puede continuar naturalizando la violencia contra quienes piensen diferente, la cual es promovida incluso por el propio Presidente de la Naci\u00f3n\u201d<\/strong><\/p>\n<p><!--more--><\/p>\n<p>Esta tarde, se registr\u00f3 un hecho violento en el Barrio Salvador Gurrieri (Ex. Lote Rural 111), en momentos en que un grupo de vecinas militantes de una agrupaci\u00f3n pol\u00edtica se dispon\u00edan a iniciar la labor de reparto de boletas. En dicha circunstancia, la Diputada Provincial Agostina Villagi, conforme lo expresado por el referente pol\u00edtico Marcelo Sosa, se acerc\u00f3 a provocar a las nombradas, particularmente a una a quien se habr\u00eda dirigido dici\u00e9ndole: \u201cvillera de m\u2026 te gusta vivir en el barro\u201d lo que, conforme a un video que circula por las redes sociales, afirm\u00f3 el candidato a Concejal, fue seguido por la reacci\u00f3n de la mujer agredida verbalmente quien, la tom\u00f3 del cuello volte\u00e1ndola al piso en medio de gritos e intentos de las personas presentes para que la situaci\u00f3n no llegue a mayores, lo que finalmente fue logrado pues ambas se retiraron del lugar, hacia su propio espacio.<\/p>\n<p>Frente a este hecho, el Defensor del Pueblo, Jos\u00e9 Leonardo Gialluca, tom\u00f3 conocimiento que tanto la Polic\u00eda de la Provincia como la Justicia de turno abrieron una formal investigaci\u00f3n de la cual el Organismo de la Constituci\u00f3n solicitar\u00e1 los antecedentes a fin de evaluar las medidas que se adoptar\u00e1n en el caso desde el Observatorio de Derechos Pol\u00edticos y Electorales (ODEPOE). El funcionario, a su vez, encendi\u00f3 las alarmas sobre los altos niveles de violencia verbal e incluso f\u00edsica que se aprecian en la vida sociopol\u00edtica en general, que parte incluso desde las m\u00e1s altas esferas nacionales, donde el actual Presidente de la Naci\u00f3n agrede expl\u00edcitamente, utilizando todo tipo de frases denigrantes contra quienes distan de sus opiniones. Todos los mi\u00e9rcoles vemos como, se producen hechos de \u201crepresi\u00f3n\u201d contra adultos mayores y otras personas que pretenden manifestarse de manera leg\u00edtima y pac\u00edfica frente al Congreso de la Naci\u00f3n, quienes concurren a expresar sus ideas en aras de peticionar a sus representantes, lo que se les impide mediante el uso abusivo de la fuerza.<\/p>\n<p>Por otra parte, los discursos de determinados sectores pol\u00edticos se encuentran cargados de violencia verbal manifiesta, incluso pueden observarse por las redes sociales, arengas a cometer hechos violentos, que han tenido como resultado v\u00edctimas de dicho accionar reprochable. Por eso, frente a las situaciones como las vividas en el ahora denominado Barrio Gurrieri (ex Lote Rural 111) el d\u00eda de hoy, se hace un fuerte llamado a la pac\u00edfica convivencia democr\u00e1tica, pues resultar\u00eda tan reprochable que una persona que tiene toda una responsabilidad social y pol\u00edtica, como lo es una legisladora, agreda verbalmente de manera vergonzosa a una vecina, como que esta \u00faltima, afectada o no, le propine una respuesta violenta, m\u00e1s all\u00e1 de la utilizaci\u00f3n medi\u00e1tica de im\u00e1genes recortadas y editadas que pueda hacerse \u201ca posteriori\u201d con evidente uso pol\u00edtico, pues seguramente algunos justificar\u00e1n la agresi\u00f3n y otros se victimizar\u00e1n.<\/p>\n<p>El Ombudsman Provincial recalc\u00f3 que, finalmente, ser\u00e1 la Justicia la que determine que ha sucedido realmente y oportunamente dar\u00e1 una respuesta, lo que\u00a0 tenemos en claro al margen que, en otras provincias, este tipo de hechos sean comunes, en Formosa no los podemos naturalizar y mucho menos permitir, independientemente de los sectores de donde provengan.<\/p>\n","protected":false},"excerpt":{"rendered":"<p>Gialluca: \u201cNo se puede continuar naturalizando la violencia contra quienes piensen diferente, la cual es promovida incluso por el propio Presidente de la Naci\u00f3n\u201d<\/p>\n","protected":false},"author":1,"featured_media":16325,"comment_status":"closed","ping_status":"closed","sticky":false,"template":"","format":"standard","meta":{"footnotes":""},"categories":[1],"tags":[],"class_list":["post-16324","post","type-post","status-publish","format-standard","has-post-thumbnail","hentry","category-noticias"],"_links":{"self":[{"href":"https:\/\/defensoriaformosa.gob.ar\/index.php?rest_route=\/wp\/v2\/posts\/16324","targetHints":{"allow":["GET"]}}],"collection":[{"href":"https:\/\/defensoriaformosa.gob.ar\/index.php?rest_route=\/wp\/v2\/posts"}],"about":[{"href":"https:\/\/defensoriaformosa.gob.ar\/index.php?rest_route=\/wp\/v2\/types\/post"}],"author":[{"embeddable":true,"href":"https:\/\/defensoriaformosa.gob.ar\/index.php?rest_route=\/wp\/v2\/users\/1"}],"replies":[{"embeddable":true,"href":"https:\/\/defensoriaformosa.gob.ar\/index.php?rest_route=%2Fwp%2Fv2%2Fcomments&post=16324"}],"version-history":[{"count":1,"href":"https:\/\/defensoriaformosa.gob.ar\/index.php?rest_route=\/wp\/v2\/posts\/16324\/revisions"}],"predecessor-version":[{"id":16326,"href":"https:\/\/defensoriaformosa.gob.ar\/index.php?rest_route=\/wp\/v2\/posts\/16324\/revisions\/16326"}],"wp:featuredmedia":[{"embeddable":true,"href":"https:\/\/defensoriaformosa.gob.ar\/index.php?rest_route=\/wp\/v2\/media\/16325"}],"wp:attachment":[{"href":"https:\/\/defensoriaformosa.gob.ar\/index.php?rest_route=%2Fwp%2Fv2%2Fmedia&parent=16324"}],"wp:term":[{"taxonomy":"category","embeddable":true,"href":"https:\/\/defensoriaformosa.gob.ar\/index.php?rest_route=%2Fwp%2Fv2%2Fcategories&post=16324"},{"taxonomy":"post_tag","embeddable":true,"href":"https:\/\/defensoriaformosa.gob.ar\/index.php?rest_route=%2Fwp%2Fv2%2Ftags&post=16324"}],"curies":[{"name":"wp","href":"https:\/\/api.w.org\/{rel}","templated":true}]}}