{"id":16317,"date":"2025-06-21T00:04:12","date_gmt":"2025-06-21T03:04:12","guid":{"rendered":"https:\/\/defensoriaformosa.gob.ar\/?p=16317"},"modified":"2025-06-23T00:06:26","modified_gmt":"2025-06-23T03:06:26","slug":"la-defensoria-del-pueblo-informo-sobre-nuevos-aumentos-aplicados-en-los-combustibles","status":"publish","type":"post","link":"https:\/\/defensoriaformosa.gob.ar\/?p=16317","title":{"rendered":"LA DEFENSORIA DEL PUEBLO INFORMO SOBRE NUEVOS AUMENTOS APLICADOS EN LOS COMBUSTIBLES"},"content":{"rendered":"<p><strong>-Los surtidores de Shell aplicaron en toda la provincia un 5 % de aumento, lo cual ser\u00e1 seguido por las dem\u00e1s empresas, todo lo cual impactara no solo \u201cen el bolsillo de los consumidores, sino tambi\u00e9n en el transporte de productos esenciales que ingresan a nuestro mercado\u201d-<\/strong><\/p>\n<p><!--more--><\/p>\n<p>La Defensor\u00eda del Pueblo de la Provincia de Formosa informo que, el nuevo ajuste ya se aplica en estaciones como Shell, donde los precios quedaron de la siguiente manera: Super $1.420; V-Power $1.679; Diesel $1.460; V-Power Diesel $1.679. La suba responde al alza del petr\u00f3leo internacional y podr\u00eda impactar en la inflaci\u00f3n de junio. Desde este s\u00e1bado, varias estaciones de servicio de Argentina comenzaron a aplicar un aumento del 5% en el precio de los combustibles l\u00edquidos. La medida, que ya se implementa en surtidores como Shell, responde al encarecimiento del petr\u00f3leo a nivel global y genera preocupaci\u00f3n por su posible efecto inflacionario. YPF, que concentra m\u00e1s de la mitad del mercado, a\u00fan no defini\u00f3 si acompa\u00f1ar\u00e1 la suba. El ajuste comenz\u00f3 a regir desde la medianoche en varias localidades del pa\u00eds. El alza del crudo Brent, que pas\u00f3 de USD 63 a casi USD 78 por barril en junio, forz\u00f3 a las empresas a corregir los precios de los combustibles para reducir el atraso, estimado entre el 15% y 18%. Un directivo del sector fue contundente: \u201cNo nos dan los m\u00e1rgenes, vamos a aplicar una suba del 5% de inmediato\u201d.<\/p>\n<p>El Ombudsman Provincial, Dr. Jos\u00e9 Leonardo Gialluca advirti\u00f3 que, este aumento podr\u00eda ser el primero de varios escalonados, ya que un ajuste completo en una sola tanda ser\u00eda dif\u00edcil de sostener en el contexto econ\u00f3mico actual. Este nuevo incremento pone en peligro la reciente desaceleraci\u00f3n inflacionaria. En mayo, el Gobierno Nacional celebr\u00f3 un IPC del 1,5%, en parte gracias a una ca\u00edda acumulada del 8% en los combustibles entre marzo y mayo. Pero, cada suba del 10% en el precio de la nafta impacta en 0,42 puntos porcentuales en la inflaci\u00f3n. Por lo tanto, este aumento del 5% podr\u00eda representar una suba directa de 0,21 puntos en el IPC de junio.<\/p>\n<p>Las petroleras anticiparon que, en adelante, los precios ser\u00e1n revisados con mayor frecuencia, siguiendo la evoluci\u00f3n del petr\u00f3leo y del d\u00f3lar. El mercado espera con atenci\u00f3n la definici\u00f3n de YPF, ya que su decisi\u00f3n ser\u00e1 clave para marcar el rumbo nacional de las tarifas. Con un poder adquisitivo golpeado y un contexto de incertidumbre, este nuevo aumento en los combustibles refleja la tensi\u00f3n entre los m\u00e1rgenes empresariales y el objetivo oficial de contener la inflaci\u00f3n. Si el alza del crudo contin\u00faa, podr\u00eda reactivarse una espiral inflacionaria en el segundo semestre del a\u00f1o.<\/p>\n","protected":false},"excerpt":{"rendered":"<p>-Los surtidores de Shell aplicaron en toda la provincia un 5 % de aumento, lo cual ser\u00e1 seguido por las dem\u00e1s empresas, todo lo cual impactara no solo \u201cen el bolsillo de los consumidores, sino tambi\u00e9n en el transporte de productos esenciales que ingresan a nuestro mercado\u201d-<\/p>\n","protected":false},"author":1,"featured_media":16318,"comment_status":"closed","ping_status":"closed","sticky":false,"template":"","format":"standard","meta":{"footnotes":""},"categories":[1],"tags":[],"class_list":["post-16317","post","type-post","status-publish","format-standard","has-post-thumbnail","hentry","category-noticias"],"_links":{"self":[{"href":"https:\/\/defensoriaformosa.gob.ar\/index.php?rest_route=\/wp\/v2\/posts\/16317","targetHints":{"allow":["GET"]}}],"collection":[{"href":"https:\/\/defensoriaformosa.gob.ar\/index.php?rest_route=\/wp\/v2\/posts"}],"about":[{"href":"https:\/\/defensoriaformosa.gob.ar\/index.php?rest_route=\/wp\/v2\/types\/post"}],"author":[{"embeddable":true,"href":"https:\/\/defensoriaformosa.gob.ar\/index.php?rest_route=\/wp\/v2\/users\/1"}],"replies":[{"embeddable":true,"href":"https:\/\/defensoriaformosa.gob.ar\/index.php?rest_route=%2Fwp%2Fv2%2Fcomments&post=16317"}],"version-history":[{"count":1,"href":"https:\/\/defensoriaformosa.gob.ar\/index.php?rest_route=\/wp\/v2\/posts\/16317\/revisions"}],"predecessor-version":[{"id":16319,"href":"https:\/\/defensoriaformosa.gob.ar\/index.php?rest_route=\/wp\/v2\/posts\/16317\/revisions\/16319"}],"wp:featuredmedia":[{"embeddable":true,"href":"https:\/\/defensoriaformosa.gob.ar\/index.php?rest_route=\/wp\/v2\/media\/16318"}],"wp:attachment":[{"href":"https:\/\/defensoriaformosa.gob.ar\/index.php?rest_route=%2Fwp%2Fv2%2Fmedia&parent=16317"}],"wp:term":[{"taxonomy":"category","embeddable":true,"href":"https:\/\/defensoriaformosa.gob.ar\/index.php?rest_route=%2Fwp%2Fv2%2Fcategories&post=16317"},{"taxonomy":"post_tag","embeddable":true,"href":"https:\/\/defensoriaformosa.gob.ar\/index.php?rest_route=%2Fwp%2Fv2%2Ftags&post=16317"}],"curies":[{"name":"wp","href":"https:\/\/api.w.org\/{rel}","templated":true}]}}