{"id":16304,"date":"2025-06-18T22:28:25","date_gmt":"2025-06-19T01:28:25","guid":{"rendered":"https:\/\/defensoriaformosa.gob.ar\/?p=16304"},"modified":"2025-06-18T22:28:25","modified_gmt":"2025-06-19T01:28:25","slug":"la-defensoria-denuncio-ante-la-onu-las-graves-realidades-que-estan-padeciendo-las-personas-con-discapacidad-beneficiarias-de-pensiones-en-la-argentina","status":"publish","type":"post","link":"https:\/\/defensoriaformosa.gob.ar\/?p=16304","title":{"rendered":"LA DEFENSOR\u00cdA DENUNCI\u00d3 ANTE LA ONU, LAS GRAVES REALIDADES QUE EST\u00c1N PADECIENDO LAS PERSONAS CON DISCAPACIDAD BENEFICIARIAS DE PENSIONES EN LA ARGENTINA"},"content":{"rendered":"<p><strong>La Defensor\u00eda del Pueblo de la Provincia de Formosa, a trav\u00e9s de su -Direcci\u00f3n de Discapacidad- se present\u00f3 ante el Comit\u00e9 sobre los Derechos de las Personas con Discapacidad de la Organizaci\u00f3n de las Naciones Unidas denunciando las regresiones en las condiciones de acceso a las pensiones no contributivas y los errores en los procesos de auditor\u00edas impulsados por el Estado Nacional Argentino. <\/strong><\/p>\n<p><!--more--><\/p>\n<p>El Ombudsman Provincial Dr. Jos\u00e9 Leonardo Gialluca, se\u00f1al\u00f3 que en el 2024 la ANDIS, llev\u00f3 adelante 11.035 Auditor\u00edas en todo el pa\u00eds, de las cuales el 35% fueron dadas de baja. En relaci\u00f3n a los resultados del presente a\u00f1o, a\u00fan se encuentran en proceso de an\u00e1lisis. Advirti\u00f3 que, la principal raz\u00f3n por la cual las pensiones son rechazadas, es porque no cumplen con una modificaci\u00f3n realizada recientemente desde el Gobierno Nacional de Javier Milei y que exige que, para percibir la pensi\u00f3n, las personas deben tener un 66% de invalidez para trabajar.<\/p>\n<p>Estos cambios en los requisitos que fueron impuestos por el Decreto 843\/24 es regresivo e inconstitucional, al establecer que las personas con discapacidad que tuvieran un trabajo formal no pod\u00edan cobrar la pensi\u00f3n, algo que se hab\u00eda permitido con las reformas del a\u00f1o 2023, adem\u00e1s al establecerse que el beneficiario debe acreditar, al menos, un 66% de incapacidad laboral, esta postura responde a un enfoque m\u00e9dico de la discapacidad y es contraria al modelo social que establece la Convenci\u00f3n sobre los Derechos de las Personas con Discapacidad, poniendo en grave riesgo su derecho a la protecci\u00f3n social y todos aquellos que dependen del mismo. En primer t\u00e9rmino,\u00a0cuestionamos la aprobaci\u00f3n del Decreto 843\/24, que restablece requisitos que hab\u00edan sido declarados inconstitucionales por la Justicia Argentina y objetados en reiteradas ocasiones por organismos internacionales de derechos humanos.\u00a0Al hacerlo, reproduce un paradigma m\u00e9dico, capacitista (forma de discriminaci\u00f3n o prejuicio social que desvaloriza o discrimina a las personas con discapacidad, ya sea por sus capacidades f\u00edsicas, mentales o sensoriales) y discriminatorio, que desconoce la situaci\u00f3n de exclusi\u00f3n estructural en la que se encuentran las personas con discapacidad, se desentiende de los gastos adicionales que deben afrontar y atenta de modo directo contra su autonom\u00eda financiera y su derecho a la vida independiente.\u00a0Adem\u00e1s,\u00a0denunciamos la implementaci\u00f3n de un proceso de auditor\u00eda sin garant\u00edas de accesibilidad ni apoyos que permitan a las personas convocadas ejercer su derecho de defensa.\u00a0Las evaluaciones no solo se est\u00e1n desarrollando en base a una norma inconstitucional, sino que las condiciones en las que se realizan obstaculizan el cumplimiento de las citaciones, la comprensi\u00f3n del proceso, la presentaci\u00f3n de la documentaci\u00f3n requerida y la posibilidad de efectuar descargos.<\/p>\n<p>Se se\u00f1al\u00f3 tambi\u00e9n que\u00a0ni las reformas normativas ni el dise\u00f1o del proceso de auditor\u00eda fueron precedidos de un proceso de consulta a las personas con discapacidad y a las organizaciones que las representan conforme lo ordena el Art\u00edculo 4.3 de la Convenci\u00f3n sobre los Derechos de las Personas con Discapacidad. Esta situaci\u00f3n pone en riesgo el cobro de la pensi\u00f3n, que -a pesar de su escaso monto- permite a las personas con discapacidad cubrir algunas de sus necesidades b\u00e1sicas y acceder a la cobertura m\u00e9dica del Programa \u201cIncluir Salud\u201d.\u00a0 Ante este contexto, peticionamos al Comit\u00e9 de las Personas con Discapacidad que inste al Estado Argentino\u00a0a proporcionar informaci\u00f3n\u00a0detallada y documentada sobre los resultados del proceso de auditor\u00eda correspondiente al a\u00f1o 2025; que lo exhorte a\u00a0derogar el Decreto 843\/24\u00a0y a adecuar su normativa al enfoque de derechos humanos; demandando la\u00a0suspensi\u00f3n de las auditor\u00edas hasta que se garantice un procedimiento accesible y respetuoso de los derechos de las personas con discapacidad; que\u00a0asegure la participaci\u00f3n efectiva de este colectivo\u00a0en toda reforma legal, pol\u00edtica p\u00fablica o procedimiento que lo afecte, exigiendo la adopci\u00f3n de medidas urgentes para proteger su derecho a la protecci\u00f3n social.<\/p>\n","protected":false},"excerpt":{"rendered":"<p>La Defensor\u00eda del Pueblo de la Provincia de Formosa, a trav\u00e9s de su -Direcci\u00f3n de Discapacidad- se present\u00f3 ante el Comit\u00e9 sobre los Derechos de las Personas con Discapacidad de la Organizaci\u00f3n de las Naciones Unidas denunciando las regresiones en las condiciones de acceso a las pensiones no contributivas y los errores en los procesos [&hellip;]<\/p>\n","protected":false},"author":1,"featured_media":16305,"comment_status":"closed","ping_status":"closed","sticky":false,"template":"","format":"standard","meta":{"footnotes":""},"categories":[1],"tags":[],"class_list":["post-16304","post","type-post","status-publish","format-standard","has-post-thumbnail","hentry","category-noticias"],"_links":{"self":[{"href":"https:\/\/defensoriaformosa.gob.ar\/index.php?rest_route=\/wp\/v2\/posts\/16304","targetHints":{"allow":["GET"]}}],"collection":[{"href":"https:\/\/defensoriaformosa.gob.ar\/index.php?rest_route=\/wp\/v2\/posts"}],"about":[{"href":"https:\/\/defensoriaformosa.gob.ar\/index.php?rest_route=\/wp\/v2\/types\/post"}],"author":[{"embeddable":true,"href":"https:\/\/defensoriaformosa.gob.ar\/index.php?rest_route=\/wp\/v2\/users\/1"}],"replies":[{"embeddable":true,"href":"https:\/\/defensoriaformosa.gob.ar\/index.php?rest_route=%2Fwp%2Fv2%2Fcomments&post=16304"}],"version-history":[{"count":1,"href":"https:\/\/defensoriaformosa.gob.ar\/index.php?rest_route=\/wp\/v2\/posts\/16304\/revisions"}],"predecessor-version":[{"id":16306,"href":"https:\/\/defensoriaformosa.gob.ar\/index.php?rest_route=\/wp\/v2\/posts\/16304\/revisions\/16306"}],"wp:featuredmedia":[{"embeddable":true,"href":"https:\/\/defensoriaformosa.gob.ar\/index.php?rest_route=\/wp\/v2\/media\/16305"}],"wp:attachment":[{"href":"https:\/\/defensoriaformosa.gob.ar\/index.php?rest_route=%2Fwp%2Fv2%2Fmedia&parent=16304"}],"wp:term":[{"taxonomy":"category","embeddable":true,"href":"https:\/\/defensoriaformosa.gob.ar\/index.php?rest_route=%2Fwp%2Fv2%2Fcategories&post=16304"},{"taxonomy":"post_tag","embeddable":true,"href":"https:\/\/defensoriaformosa.gob.ar\/index.php?rest_route=%2Fwp%2Fv2%2Ftags&post=16304"}],"curies":[{"name":"wp","href":"https:\/\/api.w.org\/{rel}","templated":true}]}}