{"id":16294,"date":"2025-06-14T14:43:46","date_gmt":"2025-06-14T17:43:46","guid":{"rendered":"https:\/\/defensoriaformosa.gob.ar\/?p=16294"},"modified":"2025-06-14T14:43:46","modified_gmt":"2025-06-14T17:43:46","slug":"desde-el-inicio-del-actual-gobierno-nacional-se-perdieron-200-mil-empleos-formales-y-los-salarios-reales-siguen-bajando-por-tercer-mes-consecutivo","status":"publish","type":"post","link":"https:\/\/defensoriaformosa.gob.ar\/?p=16294","title":{"rendered":"DESDE EL INICIO DEL ACTUAL GOBIERNO NACIONAL SE PERDIERON 200 MIL EMPLEOS FORMALES Y LOS SALARIOS REALES SIGUEN BAJANDO POR TERCER MES CONSECUTIVO"},"content":{"rendered":"<p><strong>-Gialluca denunci\u00f3 que, el impacto del ajuste fiscal, la devaluaci\u00f3n y la recesi\u00f3n que lleva adelante el Gobierno Nacional, origina que el empleo se encuentre en m\u00ednimos hist\u00f3ricos y el poder de compra de los asalariados, se deteriore mes a mes, con una inflaci\u00f3n que los consumidores no perciben y donde varios sectores se ubicaron muy por encima del 1,5%, como fueron las comunicaciones, tarifas de telefon\u00eda e internet, alquileres, combustibles, gas envasado, medicamentos y servicios p\u00fablicos esenciales, entre ellos, la energ\u00eda el\u00e9ctrica y agua potable-<\/strong><\/p>\n<p><!--more-->\u00a0La Defensor\u00eda del Pueblo de la Provincia de Formosa, denunci\u00f3 que, desde la asunci\u00f3n del Presidente Javier Milei, se vienen perdiendo cada vez m\u00e1s puestos de trabajo, tanto en el sector p\u00fablico, como privado, mientras los salarios reales contin\u00faan teniendo menos capacidad adquisitiva, esto se profundiza con mayor fuerza en los sectores de la construcci\u00f3n y en la industria.<\/p>\n<p>Durante marzo, Argentina perdi\u00f3 9.000 empleos formales y los salarios sufrieron su peor ca\u00edda desde diciembre. Esto lo confirm\u00f3 la Secretar\u00eda de Trabajo dependiente del Ministerio de Capital Humano a cargo de la Lic. Sandra Viviana Pettovello, con datos del SIPA (Sistema Integrado Previsional Argentino). En total, se registraron 7.300 despidos en el sector privado, 800 en el sector p\u00fablico y 900 en el trabajo dom\u00e9stico. Por otra parte, el salario real cay\u00f3 2,6% en marzo, siendo el descenso m\u00e1s profundo desde diciembre de 2023, cuando la gesti\u00f3n de Javier Milei provoc\u00f3 una ca\u00edda del 11% tras la devaluaci\u00f3n. La reducci\u00f3n del poder adquisitivo ya suma m\u00e1s del 4% en los \u00faltimos tres meses, solo en abril, los datos preliminares marcan una nueva baja, la tercera consecutiva desde enero.<\/p>\n<p>En marzo, la industria perdi\u00f3 4.000 empleos. Desde que asumi\u00f3 Milei, ya se destruyeron 62.000 puestos en la construcci\u00f3n y 31.300 en f\u00e1bricas, mientras solo crecen los sectores vinculados a la exportaci\u00f3n, que generan poco empleo. En total, desde diciembre se perdieron casi 200.000 empleos registrados, m\u00e1s de 115.000 pertenec\u00edan al sector privado, en algunos rubros, la magnitud de la destrucci\u00f3n laboral se compara con lo vivido durante la pandemia. Para encontrar una ca\u00edda mensual peor que la de marzo, hay que remontarse a julio de 2024. En este contexto, el Ombudsman Provincial, Dr. Jos\u00e9 Leonardo Gialluca, \u201cdenunci\u00f3 que el Gobierno Nacional \u00fanicamente prioriza el ajuste fiscal y el pago de la deuda externa, lo cual, impide que el mercado interno se recupere, esto genera un c\u00edrculo vicioso donde baja el empleo, cae el consumo y se paraliza la econom\u00eda\u201d.<\/p>\n","protected":false},"excerpt":{"rendered":"<p>-Gialluca denunci\u00f3 que, el impacto del ajuste fiscal, la devaluaci\u00f3n y la recesi\u00f3n que lleva adelante el Gobierno Nacional, origina que el empleo se encuentre en m\u00ednimos hist\u00f3ricos y el poder de compra de los asalariados, se deteriore mes a mes, con una inflaci\u00f3n que los consumidores no perciben y donde varios sectores se ubicaron [&hellip;]<\/p>\n","protected":false},"author":1,"featured_media":16295,"comment_status":"closed","ping_status":"closed","sticky":false,"template":"","format":"standard","meta":{"footnotes":""},"categories":[1],"tags":[],"class_list":["post-16294","post","type-post","status-publish","format-standard","has-post-thumbnail","hentry","category-noticias"],"_links":{"self":[{"href":"https:\/\/defensoriaformosa.gob.ar\/index.php?rest_route=\/wp\/v2\/posts\/16294","targetHints":{"allow":["GET"]}}],"collection":[{"href":"https:\/\/defensoriaformosa.gob.ar\/index.php?rest_route=\/wp\/v2\/posts"}],"about":[{"href":"https:\/\/defensoriaformosa.gob.ar\/index.php?rest_route=\/wp\/v2\/types\/post"}],"author":[{"embeddable":true,"href":"https:\/\/defensoriaformosa.gob.ar\/index.php?rest_route=\/wp\/v2\/users\/1"}],"replies":[{"embeddable":true,"href":"https:\/\/defensoriaformosa.gob.ar\/index.php?rest_route=%2Fwp%2Fv2%2Fcomments&post=16294"}],"version-history":[{"count":1,"href":"https:\/\/defensoriaformosa.gob.ar\/index.php?rest_route=\/wp\/v2\/posts\/16294\/revisions"}],"predecessor-version":[{"id":16296,"href":"https:\/\/defensoriaformosa.gob.ar\/index.php?rest_route=\/wp\/v2\/posts\/16294\/revisions\/16296"}],"wp:featuredmedia":[{"embeddable":true,"href":"https:\/\/defensoriaformosa.gob.ar\/index.php?rest_route=\/wp\/v2\/media\/16295"}],"wp:attachment":[{"href":"https:\/\/defensoriaformosa.gob.ar\/index.php?rest_route=%2Fwp%2Fv2%2Fmedia&parent=16294"}],"wp:term":[{"taxonomy":"category","embeddable":true,"href":"https:\/\/defensoriaformosa.gob.ar\/index.php?rest_route=%2Fwp%2Fv2%2Fcategories&post=16294"},{"taxonomy":"post_tag","embeddable":true,"href":"https:\/\/defensoriaformosa.gob.ar\/index.php?rest_route=%2Fwp%2Fv2%2Ftags&post=16294"}],"curies":[{"name":"wp","href":"https:\/\/api.w.org\/{rel}","templated":true}]}}