{"id":16288,"date":"2025-06-12T16:47:37","date_gmt":"2025-06-12T19:47:37","guid":{"rendered":"https:\/\/defensoriaformosa.gob.ar\/?p=16288"},"modified":"2025-06-13T16:48:29","modified_gmt":"2025-06-13T19:48:29","slug":"la-inflacion-de-mayo-fue-de-15-producto-de-la-fuerte-caida-del-consumo-y-la-perdida-de-la-capacidad-adquisitiva-de-los-consumidores","status":"publish","type":"post","link":"https:\/\/defensoriaformosa.gob.ar\/?p=16288","title":{"rendered":"LA INFLACI\u00d3N DE MAYO FUE DE 1,5% PRODUCTO DE LA FUERTE CAIDA DEL CONSUMO Y LA P\u00c9RDIDA DE LA CAPACIDAD ADQUISITIVA DE LOS CONSUMIDORES"},"content":{"rendered":"<p><strong>La inflaci\u00f3n promedio de mayo fue de 1,5% y un 43,5% a nivel interanual. La inflaci\u00f3n n\u00facleo fue m\u00e1s alta, 2,2%. El ajuste brutal sobre las jubilaciones, salarios y las medidas recesivas explican esta situaci\u00f3n. El Gobierno Nacional apunta a mantener el \u00abd\u00f3lar electoral\u00bb hasta las elecciones de octubre con un fuerte y costoso endeudamiento p\u00fablico. <\/strong><\/p>\n<p><!--more--><\/p>\n<p>Llamativamente los alimentos y bebidas no alcoh\u00f3licas variaron 0,5% en mayo. Sin embargo, el consumo sigue en ca\u00edda y las familias est\u00e1n cada vez m\u00e1s endeudadas. De esta manera, la desaceleraci\u00f3n inflacionaria poco se siente en los bolsillos de las clases trabajadoras y origina una acumulaci\u00f3n y distribuci\u00f3n de riquezas totalmente desequilibrada. Sobre la base de un fuerte endeudamiento externo p\u00fablico que act\u00faa como un factor atenuante de la inflaci\u00f3n, se le suma un ajuste recesivo que contin\u00faa desplomando los ingresos de los trabajadores y el consumo. En marzo la econom\u00eda se contrajo 1,8% respecto al mes anterior, \u201cpor lo que el com\u00fan de la gente no ve ni siente y menos a\u00fan se beneficia con estos indicadores, ya que no se reflejan ni en las g\u00f3ndolas, medicamentos, alquileres, combustibles, comunicaciones y servicios esenciales\u201d.<\/p>\n","protected":false},"excerpt":{"rendered":"<p>La inflaci\u00f3n promedio de mayo fue de 1,5% y un 43,5% a nivel interanual. La inflaci\u00f3n n\u00facleo fue m\u00e1s alta, 2,2%. El ajuste brutal sobre las jubilaciones, salarios y las medidas recesivas explican esta situaci\u00f3n. El Gobierno Nacional apunta a mantener el \u00abd\u00f3lar electoral\u00bb hasta las elecciones de octubre con un fuerte y costoso endeudamiento [&hellip;]<\/p>\n","protected":false},"author":1,"featured_media":16289,"comment_status":"closed","ping_status":"closed","sticky":false,"template":"","format":"standard","meta":{"footnotes":""},"categories":[1],"tags":[],"class_list":["post-16288","post","type-post","status-publish","format-standard","has-post-thumbnail","hentry","category-noticias"],"_links":{"self":[{"href":"https:\/\/defensoriaformosa.gob.ar\/index.php?rest_route=\/wp\/v2\/posts\/16288","targetHints":{"allow":["GET"]}}],"collection":[{"href":"https:\/\/defensoriaformosa.gob.ar\/index.php?rest_route=\/wp\/v2\/posts"}],"about":[{"href":"https:\/\/defensoriaformosa.gob.ar\/index.php?rest_route=\/wp\/v2\/types\/post"}],"author":[{"embeddable":true,"href":"https:\/\/defensoriaformosa.gob.ar\/index.php?rest_route=\/wp\/v2\/users\/1"}],"replies":[{"embeddable":true,"href":"https:\/\/defensoriaformosa.gob.ar\/index.php?rest_route=%2Fwp%2Fv2%2Fcomments&post=16288"}],"version-history":[{"count":1,"href":"https:\/\/defensoriaformosa.gob.ar\/index.php?rest_route=\/wp\/v2\/posts\/16288\/revisions"}],"predecessor-version":[{"id":16290,"href":"https:\/\/defensoriaformosa.gob.ar\/index.php?rest_route=\/wp\/v2\/posts\/16288\/revisions\/16290"}],"wp:featuredmedia":[{"embeddable":true,"href":"https:\/\/defensoriaformosa.gob.ar\/index.php?rest_route=\/wp\/v2\/media\/16289"}],"wp:attachment":[{"href":"https:\/\/defensoriaformosa.gob.ar\/index.php?rest_route=%2Fwp%2Fv2%2Fmedia&parent=16288"}],"wp:term":[{"taxonomy":"category","embeddable":true,"href":"https:\/\/defensoriaformosa.gob.ar\/index.php?rest_route=%2Fwp%2Fv2%2Fcategories&post=16288"},{"taxonomy":"post_tag","embeddable":true,"href":"https:\/\/defensoriaformosa.gob.ar\/index.php?rest_route=%2Fwp%2Fv2%2Ftags&post=16288"}],"curies":[{"name":"wp","href":"https:\/\/api.w.org\/{rel}","templated":true}]}}