{"id":16276,"date":"2025-06-09T18:28:56","date_gmt":"2025-06-09T21:28:56","guid":{"rendered":"https:\/\/defensoriaformosa.gob.ar\/?p=16276"},"modified":"2025-06-09T18:28:56","modified_gmt":"2025-06-09T21:28:56","slug":"ante-nueva-exigencia-del-anses-comunidades-originarias-exigen-ser-atendidos","status":"publish","type":"post","link":"https:\/\/defensoriaformosa.gob.ar\/?p=16276","title":{"rendered":"ANTE NUEVA EXIGENCIA DEL ANSES, COMUNIDADES ORIGINARIAS EXIGEN SER ATENDIDOS"},"content":{"rendered":"<p><strong>-El nuevo requerimiento de car\u00e1cter obligatorio para quienes inicien o mantengan tr\u00e1mites relacionados con pensiones, asignaciones familiares, jubilaciones o Programas que administra el Organismo Previsional, consiste en que posean una -Certificaci\u00f3n Negativa- que es un documento que emite la ANSES y cuya vigencia es de 30 d\u00edas corridos-<\/strong><\/p>\n<p><!--more--><\/p>\n<p>El Defensor del Pueblo de la Provincia de Formosa, junto a Asesores Letrados del Organismo, mantuvieron una -Reuni\u00f3n de Trabajo-, con las Autoridades de las Comunidades Originarias de La Esperanza y Pozo Molina, representadas por los Caciques Luis Osvaldo Caballero y Zaqu\u00ed Fern\u00e1ndez, respectivamente, quienes expresaron su profunda preocupaci\u00f3n, \u201cpor las nuevas documentaciones que exige el Gobierno Nacional a trav\u00e9s de la ANSES, ya sea para continuar tr\u00e1mites o iniciarlos, siendo que los Originarios interesados no se encuentran en condiciones econ\u00f3micas y menos a\u00fan, poseen los medios para trasladarse hasta Las Lomitas distante a m\u00e1s de 100 km de distancia,\u00a0 por lo que solicitaron, se requiera a las Autoridades del ANSES Formosa designe personal capacitado para la atenci\u00f3n de las aproximadamente 128 familias en la Comunidad La Esperanza y las 47 de Pozo Molina, estas \u00faltimas, con un total de 186 personas\u201d.<\/p>\n<p>Desde el Organismo de la Constituci\u00f3n, se les inform\u00f3 que la ANSES incorpor\u00f3 la obligatoriedad de un documento indispensable para iniciar o continuar tr\u00e1mites vinculados con jubilaciones, pensiones, asignaciones familiares o para acceder a varios de los programas que administra el organismo previsional y su falta pueden generar demoras o la baja autom\u00e1tica de los beneficios.<\/p>\n<p>El Ombudsman Provincial Dr. Jos\u00e9 Leonardo Gialluca, se\u00f1al\u00f3 que la Certificaci\u00f3n Negativa es un documento que emite ANSES y cuya vigencia es de 30 d\u00edas corridos. Funciona como una declaraci\u00f3n de que el solicitante no tiene empleo registrado ni realiza aportes previsionales y que tampoco percibe otros beneficios estatales como la Asignaci\u00f3n Universal por Hijo, Progresar, seguro de desempleo o una pensi\u00f3n contributiva. Tambi\u00e9n deja constancia de que no se encuentra inscripto como monotributista ni cuenta con obra social asociada a una relaci\u00f3n laboral actual. Si bien, es un tr\u00e1mite r\u00e1pido y gratuito, se advirti\u00f3 que, en estas Comunidades Originarias, as\u00ed como en otras, no lo pueden obtener o gestionar a trav\u00e9s del portal oficial de ANSES o mediante la aplicaci\u00f3n \u00abMi ANSES\u00bb, ingresando CUIL y Clave de la Seguridad Social, por lo que les surge la necesidad de asistir presencialmente a las Oficinas del ANSES. Asimismo, se aclar\u00f3 que no todos deben presentar este certificado, encontr\u00e1ndose exceptuadas las personas que: Cobran una jubilaci\u00f3n m\u00ednima o una pensi\u00f3n no contributiva y quienes se encuentran bajo reg\u00edmenes especiales donde ANSES ya cuenta con informaci\u00f3n automatizada. Por \u00faltimo, se se\u00f1al\u00f3 a todos los interesados en ser asesorados para la obtenci\u00f3n de la Certificaci\u00f3n Negativa, que tienen las alternativas de contactarse con la Defensor\u00eda del Pueblo, a los tel\u00e9fonos 3704436379 \u2013 3704436320 &#8211; 08004441770 \u2013 3704365924 \u2013 o a los correos electr\u00f3nicos <a href=\"mailto:denuncia@formosa.gov.ar\">denuncia@formosa.gov.ar<\/a> \u2013 <a href=\"mailto:depuefor@fibertel.com.ar\">depuefor@fibertel.com.ar<\/a>, o concurrir personalmente a la Sede de calle Padre Pati\u00f1\u00f3 831, Ciudad de Formosa.<\/p>\n","protected":false},"excerpt":{"rendered":"<p>-El nuevo requerimiento de car\u00e1cter obligatorio para quienes inicien o mantengan tr\u00e1mites relacionados con pensiones, asignaciones familiares, jubilaciones o Programas que administra el Organismo Previsional, consiste en que posean una -Certificaci\u00f3n Negativa- que es un documento que emite la ANSES y cuya vigencia es de 30 d\u00edas corridos-<\/p>\n","protected":false},"author":1,"featured_media":16277,"comment_status":"closed","ping_status":"closed","sticky":false,"template":"","format":"standard","meta":{"footnotes":""},"categories":[1],"tags":[],"class_list":["post-16276","post","type-post","status-publish","format-standard","has-post-thumbnail","hentry","category-noticias"],"_links":{"self":[{"href":"https:\/\/defensoriaformosa.gob.ar\/index.php?rest_route=\/wp\/v2\/posts\/16276","targetHints":{"allow":["GET"]}}],"collection":[{"href":"https:\/\/defensoriaformosa.gob.ar\/index.php?rest_route=\/wp\/v2\/posts"}],"about":[{"href":"https:\/\/defensoriaformosa.gob.ar\/index.php?rest_route=\/wp\/v2\/types\/post"}],"author":[{"embeddable":true,"href":"https:\/\/defensoriaformosa.gob.ar\/index.php?rest_route=\/wp\/v2\/users\/1"}],"replies":[{"embeddable":true,"href":"https:\/\/defensoriaformosa.gob.ar\/index.php?rest_route=%2Fwp%2Fv2%2Fcomments&post=16276"}],"version-history":[{"count":1,"href":"https:\/\/defensoriaformosa.gob.ar\/index.php?rest_route=\/wp\/v2\/posts\/16276\/revisions"}],"predecessor-version":[{"id":16278,"href":"https:\/\/defensoriaformosa.gob.ar\/index.php?rest_route=\/wp\/v2\/posts\/16276\/revisions\/16278"}],"wp:featuredmedia":[{"embeddable":true,"href":"https:\/\/defensoriaformosa.gob.ar\/index.php?rest_route=\/wp\/v2\/media\/16277"}],"wp:attachment":[{"href":"https:\/\/defensoriaformosa.gob.ar\/index.php?rest_route=%2Fwp%2Fv2%2Fmedia&parent=16276"}],"wp:term":[{"taxonomy":"category","embeddable":true,"href":"https:\/\/defensoriaformosa.gob.ar\/index.php?rest_route=%2Fwp%2Fv2%2Fcategories&post=16276"},{"taxonomy":"post_tag","embeddable":true,"href":"https:\/\/defensoriaformosa.gob.ar\/index.php?rest_route=%2Fwp%2Fv2%2Ftags&post=16276"}],"curies":[{"name":"wp","href":"https:\/\/api.w.org\/{rel}","templated":true}]}}