{"id":16269,"date":"2025-06-06T17:36:31","date_gmt":"2025-06-06T20:36:31","guid":{"rendered":"https:\/\/defensoriaformosa.gob.ar\/?p=16269"},"modified":"2025-06-06T17:37:39","modified_gmt":"2025-06-06T20:37:39","slug":"advierten-que-el-plan-borron-y-cuenta-nueva-no-alcanza-a-deudas-con-tarjetas-de-credito-prestamos-comerciales-y-a-personas-que-hayan-realizado-una-refinanciacion-previa","status":"publish","type":"post","link":"https:\/\/defensoriaformosa.gob.ar\/?p=16269","title":{"rendered":"ADVIERTEN QUE EL PLAN BORRON Y CUENTA NUEVA NO ALCANZA A DEUDAS CON TARJETAS DE CREDITO, PRESTAMOS COMERCIALES Y A PERSONAS QUE HAYAN REALIZADO UNA REFINANCIACION PREVIA"},"content":{"rendered":"<p><strong>Se sugiri\u00f3 a los usuarios que posean deudas por pr\u00e9stamos personales, tengan en cuenta que este plan solamente estar\u00e1 disponible por aproximadamente unos 15 d\u00edas m\u00e1s y puede ser utilizado por los interesados que residen en cualquier punto de la provincia-<\/strong><\/p>\n<p><!--more--><\/p>\n<p style=\"text-align: left;\">Se concret\u00f3 una -Reuni\u00f3n de Trabajo- en la sede de la Defensor\u00eda del Pueblo de la Provincia de Formosa,<br \/>\nde la cual formaron parte, la Vocera Oficial del Banco de Formosa S.A. Lic. Brenda Sarmiento y la Jefa<br \/>\nde Canales Dra. Mar\u00eda Beatriz Paz Saravia, quienes fueron recibidas por, el Defensor del Pueblo Dr. Jos\u00e9<br \/>\nLeonardo Gialluca, Defensora Adjunta Dra. Sylvina Portillo, el Representante de la Defensor\u00eda del Pueblo<br \/>\nde la Naci\u00f3n en Formosa Dr. Julio Santander y Asesores Legales. Gialluca se\u00f1al\u00f3 que, el motivo de la<br \/>\nmisma, fue obtener mayor informaci\u00f3n fidedigna, acerca del plan \u201cBorr\u00f3n y Cuenta Nueva\u201d,<br \/>\nrecientemente ofrecido a los usuarios, por el Banco de Formosa S.A., a fin de conocer los requisitos y<br \/>\ncaracter\u00edsticas del mismo. En este sentido, las Representantes de la entidad, explicaron que el plan<br \/>\n\u201cBorr\u00f3n y Cuenta Nueva\u201d fue lanzado el 5 de mayo del corriente a\u00f1o y consiste en simplificar todos los<br \/>\npr\u00e9stamos vigentes que haya tomado el cliente con el banco, en una sola cuota mensual con tasa<br \/>\nnominal anual actualizada del 52%. A su vez, dependiendo de la capacidad crediticia de cada cliente,<br \/>\npermite solicitar un dinero adicional, de ser requerido. De esa manera, el nuevo pr\u00e9stamo consolidado<br \/>\ncancelar\u00e1 autom\u00e1ticamente los pr\u00e9stamos vigentes y el monto adicional solicitado ser\u00e1 acreditado en<br \/>\nla cuenta del usuario. Por otro lado, agregaron que, este plan est\u00e1 pensado para personas f\u00edsicas que<br \/>\nhayan contra\u00eddo deuda con el banco, que tengan entre 2 (dos) y 10 (diez) pr\u00e9stamos personales, con un<br \/>\nnuevo plazo de hasta 60 meses, seg\u00fan la capacidad crediticia del solicitante. Indicaron que, aquellos que<br \/>\nposean hasta tres cr\u00e9ditos personales, pueden efectuar el tr\u00e1mite de forma online a trav\u00e9s de Home<br \/>\nBanking o la app del banco y quienes tengan m\u00e1s de tres cr\u00e9ditos, deber\u00e1n acercarse de manera<br \/>\npresencial a cualquiera de las sucursales. Aclararon que, la l\u00ednea no aplica a deudas con tarjetas de<br \/>\ncr\u00e9dito, pr\u00e9stamos comerciales, nuevos clientes o a quienes hayan realizado previamente la<br \/>\nrefinanciaci\u00f3n con el banco. Respecto a la duraci\u00f3n del mismo, afirmaron que la herramienta estar\u00e1<br \/>\ndisponible aproximadamente durante 15 d\u00edas m\u00e1s. Agregaron tambi\u00e9n, que existe una especial<br \/>\natenci\u00f3n para los adultos mayores, con los que se hacen excepciones de manera presencial, aunque<br \/>\ntengan hasta tres pr\u00e9stamos o menos. Indicaron, adem\u00e1s, que no es necesario contar con tarjetas de<br \/>\ncr\u00e9dito para acceder a este plan, que la misma ser\u00eda un producto disponible para el usuario ofrecida por<br \/>\nel banco, pero no tiene incidencia para acceder al Plan Borr\u00f3n y Cuenta Nueva. S\u00ed se tiene en cuenta<br \/>\ntanto el historial crediticio interno con el Banco de Formosa, como el externo, por tanto, de estar<br \/>\nafectado el usuario en el Veraz, no ser\u00eda apto para el plan en cuesti\u00f3n, adem\u00e1s dijeron que, la tasa se<br \/>\nmantiene en el 52%, si se realiza de manera online o presencial. El plan citado, se extiende tambi\u00e9n a<br \/>\nlocalidades del interior provincial y en lugares donde no existen sucursales del banco, se organizan<br \/>\ngrupos de trabajo para la promoci\u00f3n de esta herramienta, para as\u00ed alcanzar a la totalidad de usuarios<br \/>\nfinancieros.<\/p>\n","protected":false},"excerpt":{"rendered":"<p>Se sugiri\u00f3 a los usuarios que posean deudas por pr\u00e9stamos personales, tengan en cuenta que este plan solamente estar\u00e1 disponible por aproximadamente unos 15 d\u00edas m\u00e1s y puede ser utilizado por los interesados que residen en cualquier punto de la provincia-<\/p>\n","protected":false},"author":1,"featured_media":16270,"comment_status":"closed","ping_status":"closed","sticky":false,"template":"","format":"standard","meta":{"footnotes":""},"categories":[1],"tags":[],"class_list":["post-16269","post","type-post","status-publish","format-standard","has-post-thumbnail","hentry","category-noticias"],"_links":{"self":[{"href":"https:\/\/defensoriaformosa.gob.ar\/index.php?rest_route=\/wp\/v2\/posts\/16269","targetHints":{"allow":["GET"]}}],"collection":[{"href":"https:\/\/defensoriaformosa.gob.ar\/index.php?rest_route=\/wp\/v2\/posts"}],"about":[{"href":"https:\/\/defensoriaformosa.gob.ar\/index.php?rest_route=\/wp\/v2\/types\/post"}],"author":[{"embeddable":true,"href":"https:\/\/defensoriaformosa.gob.ar\/index.php?rest_route=\/wp\/v2\/users\/1"}],"replies":[{"embeddable":true,"href":"https:\/\/defensoriaformosa.gob.ar\/index.php?rest_route=%2Fwp%2Fv2%2Fcomments&post=16269"}],"version-history":[{"count":1,"href":"https:\/\/defensoriaformosa.gob.ar\/index.php?rest_route=\/wp\/v2\/posts\/16269\/revisions"}],"predecessor-version":[{"id":16271,"href":"https:\/\/defensoriaformosa.gob.ar\/index.php?rest_route=\/wp\/v2\/posts\/16269\/revisions\/16271"}],"wp:featuredmedia":[{"embeddable":true,"href":"https:\/\/defensoriaformosa.gob.ar\/index.php?rest_route=\/wp\/v2\/media\/16270"}],"wp:attachment":[{"href":"https:\/\/defensoriaformosa.gob.ar\/index.php?rest_route=%2Fwp%2Fv2%2Fmedia&parent=16269"}],"wp:term":[{"taxonomy":"category","embeddable":true,"href":"https:\/\/defensoriaformosa.gob.ar\/index.php?rest_route=%2Fwp%2Fv2%2Fcategories&post=16269"},{"taxonomy":"post_tag","embeddable":true,"href":"https:\/\/defensoriaformosa.gob.ar\/index.php?rest_route=%2Fwp%2Fv2%2Ftags&post=16269"}],"curies":[{"name":"wp","href":"https:\/\/api.w.org\/{rel}","templated":true}]}}