{"id":16266,"date":"2025-06-05T16:48:34","date_gmt":"2025-06-05T19:48:34","guid":{"rendered":"https:\/\/defensoriaformosa.gob.ar\/?p=16266"},"modified":"2025-06-06T17:32:34","modified_gmt":"2025-06-06T20:32:34","slug":"se-solicito-a-la-camara-de-senadores-sancione-el-proyecto-de-ley-de-emergencia-en-discapacidad-aprobado-por-diputados","status":"publish","type":"post","link":"https:\/\/defensoriaformosa.gob.ar\/?p=16266","title":{"rendered":"SE SOLICIT\u00d3 A LA C\u00c1MARA DE SENADORES SANCIONE EL PROYECTO DE LEY DE EMERGENCIA EN DISCAPACIDAD APROBADO POR DIPUTADOS"},"content":{"rendered":"<p><strong>-Gialluca rechaz\u00f3 los cuestionamientos de los Diputados que est\u00e1n en contra de esta medida, pues no es cierto que faltan recursos o que se pone en peligro el d\u00e9ficit fiscal del pa\u00eds, lo que existe en realidad es una gran indiferencia y falta de voluntad pol\u00edtica hacia los sectores m\u00e1s vulnerables de nuestra sociedad-<\/strong><\/p>\n<p><!--more--><\/p>\n<p>La -Direcci\u00f3n de Discapacidad- de la Defensoria del Pueblo de la Provincia de Formosa, ante la aprobaci\u00f3n por la C\u00e1mara de Diputados del Proyecto de Ley de Emergencia en Discapacidad, hasta el 31 de diciembre del a\u00f1o 2027, con 149 votos a favor, 71 en contra y 3 abstenciones, \u201csolicit\u00f3 formalmente a la Presidenta del Senado Victoria Villarruel, a su Vice Presidenta Primera Carolina Losada, como as\u00ed tambi\u00e9n a las Presidentas de la Comisi\u00f3n Unicameral de Salud a cargo de Luc\u00eda B. Corpacci y de Trabajo y Previsi\u00f3n Social Carmen \u00c1lvarez Rivero, que al momento de la revisi\u00f3n del proyecto antes citado, impulsen la sanci\u00f3n final del mismo, toda vez que el actual sistema de pensiones por discapacidad que existe en nuestro pa\u00eds, se encuentra absolutamente desactualizado y con una estructura ineficiente\u201d. El Ombudsman Provincial Dr. Jos\u00e9 Leonardo Gialluca, afirm\u00f3 que las pensiones y los aranceles en materia de discapacidad han quedado desactualizados por la inflaci\u00f3n y esto afecta a millones de personas con discapacidad que hoy no tienen acceso a servicios esenciales adecuados.<\/p>\n<p>En este sentido denunci\u00f3 que en los \u00faltimos meses el Gobierno Nacional junto con la ANDIS, han implementado medidas que generan profundas confusiones y angustias entre los beneficiarios, como la imposici\u00f3n de nuevos requisitos y auditor\u00edas altamente burocr\u00e1ticas, que no respetan las normativas internacionales de derechos humanos. Record\u00f3 que, en el caso de nuestra provincia, la Delegaci\u00f3n de la ANDIS, ha sido desguazada al punto que no cumple ninguna funci\u00f3n que beneficie a quienes necesitan de asesoramientos y gestiones que ahora se han impuesto como obligatorias. Esta iniciativa propone medidas como, el aumento de pensiones no contributivas por discapacidad y la actualizaci\u00f3n mensual de los aranceles para los prestadores de servicios. Tambi\u00e9n se contempla un r\u00e9gimen de regularizaci\u00f3n de deudas fiscales y sociales para prestadores del sector y el fortalecimiento de la Agencia Nacional de Discapacidad (ANDIS). Esto posee un impacto fiscal estimado entre 0,22% y 0,42% del PBI, y recompone las prestaciones arancelarias desde el 1 de diciembre de 2023 conforme a la inflaci\u00f3n acumulada en el per\u00edodo, con lo cual las pensiones no contributivas por discapacidad pasar\u00e1n a equivaler, al 70% del haber m\u00ednimo jubilatorio, con la posibilidad de incrementos adicionales, dependiendo de la invalidez laboral o la zona geogr\u00e1fica desfavorable. Adem\u00e1s, se contempla un sistema de actualizaci\u00f3n autom\u00e1tica de los aranceles de acuerdo al \u00cdndice de Precios al Consumidor (IPC) mensual. Esta actualizaci\u00f3n busca mitigar los efectos de la inflaci\u00f3n sobre las prestaciones y los salarios de los trabajadores que prestan servicios a las personas con discapacidad, entre los que se encuentran los hogares, centros de d\u00eda, transportistas y especialistas, que atienden a este colectivo que en la actualidad se encuentra en una situaci\u00f3n cr\u00edtica y necesita atenci\u00f3n urgente.<\/p>\n","protected":false},"excerpt":{"rendered":"<p>-Gialluca rechaz\u00f3 los cuestionamientos de los Diputados que est\u00e1n en contra de esta medida, pues no es cierto que faltan recursos o que se pone en peligro el d\u00e9ficit fiscal del pa\u00eds, lo que existe en realidad es una gran indiferencia y falta de voluntad pol\u00edtica hacia los sectores m\u00e1s vulnerables de nuestra sociedad-<\/p>\n","protected":false},"author":1,"featured_media":16267,"comment_status":"closed","ping_status":"closed","sticky":false,"template":"","format":"standard","meta":{"footnotes":""},"categories":[1],"tags":[],"class_list":["post-16266","post","type-post","status-publish","format-standard","has-post-thumbnail","hentry","category-noticias"],"_links":{"self":[{"href":"https:\/\/defensoriaformosa.gob.ar\/index.php?rest_route=\/wp\/v2\/posts\/16266","targetHints":{"allow":["GET"]}}],"collection":[{"href":"https:\/\/defensoriaformosa.gob.ar\/index.php?rest_route=\/wp\/v2\/posts"}],"about":[{"href":"https:\/\/defensoriaformosa.gob.ar\/index.php?rest_route=\/wp\/v2\/types\/post"}],"author":[{"embeddable":true,"href":"https:\/\/defensoriaformosa.gob.ar\/index.php?rest_route=\/wp\/v2\/users\/1"}],"replies":[{"embeddable":true,"href":"https:\/\/defensoriaformosa.gob.ar\/index.php?rest_route=%2Fwp%2Fv2%2Fcomments&post=16266"}],"version-history":[{"count":1,"href":"https:\/\/defensoriaformosa.gob.ar\/index.php?rest_route=\/wp\/v2\/posts\/16266\/revisions"}],"predecessor-version":[{"id":16268,"href":"https:\/\/defensoriaformosa.gob.ar\/index.php?rest_route=\/wp\/v2\/posts\/16266\/revisions\/16268"}],"wp:featuredmedia":[{"embeddable":true,"href":"https:\/\/defensoriaformosa.gob.ar\/index.php?rest_route=\/wp\/v2\/media\/16267"}],"wp:attachment":[{"href":"https:\/\/defensoriaformosa.gob.ar\/index.php?rest_route=%2Fwp%2Fv2%2Fmedia&parent=16266"}],"wp:term":[{"taxonomy":"category","embeddable":true,"href":"https:\/\/defensoriaformosa.gob.ar\/index.php?rest_route=%2Fwp%2Fv2%2Fcategories&post=16266"},{"taxonomy":"post_tag","embeddable":true,"href":"https:\/\/defensoriaformosa.gob.ar\/index.php?rest_route=%2Fwp%2Fv2%2Ftags&post=16266"}],"curies":[{"name":"wp","href":"https:\/\/api.w.org\/{rel}","templated":true}]}}