{"id":16262,"date":"2025-06-04T19:03:47","date_gmt":"2025-06-04T22:03:47","guid":{"rendered":"https:\/\/defensoriaformosa.gob.ar\/?p=16262"},"modified":"2025-06-04T19:03:47","modified_gmt":"2025-06-04T22:03:47","slug":"fuertes-dudas-tras-el-anuncio-de-ypf-de-aplicar-descuentos-en-los-precios-para-quienes-carguen-durante-la-madrugada","status":"publish","type":"post","link":"https:\/\/defensoriaformosa.gob.ar\/?p=16262","title":{"rendered":"FUERTES DUDAS TRAS EL ANUNCIO DE YPF DE APLICAR DESCUENTOS EN LOS PRECIOS PARA QUIENES CARGUEN DURANTE LA MADRUGADA"},"content":{"rendered":"<p><strong>-En nuestra ciudad, pr\u00e1cticamente todos los propietarios o responsables de estaciones de servicio YPF, rechazaron la medida y se\u00f1alaron que la misma podr\u00eda llegar a funcionar, \u00fanicamente en la Ciudad de Formosa y no as\u00ed en el Interior Provincial-<\/strong><\/p>\n<p><!--more--><\/p>\n<p>Se se\u00f1al\u00f3 desde la Defensor\u00eda del Pueblo de la Provincia de Formosa, que luego de los \u00faltimos aumentos en el precio de los combustibles, el Gobierno Nacional derog\u00f3, una Resoluci\u00f3n que obligaba a las estaciones de servicio a informar el valor del combustible en tiempo real. Esto deb\u00eda hacerse a trav\u00e9s de un sistema estatal y los precios deb\u00edan quedar reportados dentro de las 8 horas de su modificaci\u00f3n. La decisi\u00f3n se enmarca en el Decreto N\u00ba 70\/23 que promueve un sistema econ\u00f3mico basado en la libre competencia, la propiedad privada y la m\u00ednima intervenci\u00f3n del Estado, argument\u00e1ndose que los precios deben determinarse por las leyes de la oferta &#8211; demanda y que el rol del Estado, no es ser el de controlar, ni recopilar precios, sino el de asegurar condiciones de competencia leal.<\/p>\n<p>El Ombudsman Provincial, Dr. Jos\u00e9 Leonardo Gialluca, se\u00f1al\u00f3 que, luego de un relevamiento en todas las estaciones de servicio de YPF en nuestra ciudad, a la pregunta, si adhieren a la reducci\u00f3n de precios durante horarios de menor demanda, todas respondieron que no y tan solo 1 de ellas, respondi\u00f3 que a\u00fan no hab\u00eda definido su postura. Los mismos propietarios o responsables de las estaciones de servicio, a su vez, aclararon a los consumidores que, las tarifas diferenciadas con descuentos para quienes carguen durante la madrugada, s\u00ed se va aplicar en la provincia, toda vez que es una decisi\u00f3n de la petrolera YPF, que tiene la capacidad t\u00e9cnica para hacerlo, ya que est\u00e1n conectados \u201conline\u201d con los surtidores, \u201cque funcionan como computadoras\u201d. No obstante, lo cual, al mismo tiempo se\u00f1alaron que en el Interior Provincial, la gente no va a madrugar para ir a cargar combustible, salvo alguien que est\u00e9 viajando o vuelva de alg\u00fan evento. Tambi\u00e9n advirtieron que, hay una profunda incertidumbre entre los propios estacioneros, ya que, esta medida no generar\u00eda un aumento significativo en las ventas, si no hay una diferencia sustancial en el precio. En la actualidad, los mismos manifestaron que tienen un margen de ganancias aproximadamente de un 8% en sus productos comunes y 9% en los premium y que los descuentos m\u00e1s importantes los est\u00e1n haciendo las tarjetas de cr\u00e9dito, pues ellos no pueden descontar un 15 o 20% teniendo solo un 8% de margen. Por \u00faltimo, expresaron que, se van a adecuar las estrategias de precios en funci\u00f3n de la demanda.<\/p>\n<p>Eso no significa que se cambiar\u00e1 el precio todo el tiempo, sino que se puede aplicar el micro pricing (sistema de micro precios en tiempo real), es decir, que en determinada franja horaria se establecer\u00e1 un precio m\u00e1s bajo. Si bien todav\u00eda no hay fecha estimada para el nuevo esquema, se espera que sea despu\u00e9s de la inauguraci\u00f3n de RTIC (Real Time Intelligence Center). Se trata de una sala de control, similar a la que tienen para Vaca Muerta o la refiner\u00eda de La Plata, que se enfocar\u00e1 en el proceso de comercializaci\u00f3n y log\u00edstica asociada a las estaciones de servicio. Se inaugura el 23 de junio. A partir de ah\u00ed se da un proceso de empezar a entender mejor, c\u00f3mo funciona la demanda en estaciones de servicio, implement\u00e1ndose de manera paulatina. El objetivo es hacerlo en funci\u00f3n no solo del horario, sino de tener la mayor cantidad de tiempo la estaci\u00f3n utilizada porque sino existen tiempos ociosos, donde los recursos humanos est\u00e1n puestos, pero no se est\u00e1 haciendo nada.<\/p>\n","protected":false},"excerpt":{"rendered":"<p>-En nuestra ciudad, pr\u00e1cticamente todos los propietarios o responsables de estaciones de servicio YPF, rechazaron la medida y se\u00f1alaron que la misma podr\u00eda llegar a funcionar, \u00fanicamente en la Ciudad de Formosa y no as\u00ed en el Interior Provincial-<\/p>\n","protected":false},"author":1,"featured_media":16263,"comment_status":"closed","ping_status":"closed","sticky":false,"template":"","format":"standard","meta":{"footnotes":""},"categories":[1],"tags":[],"class_list":["post-16262","post","type-post","status-publish","format-standard","has-post-thumbnail","hentry","category-noticias"],"_links":{"self":[{"href":"https:\/\/defensoriaformosa.gob.ar\/index.php?rest_route=\/wp\/v2\/posts\/16262","targetHints":{"allow":["GET"]}}],"collection":[{"href":"https:\/\/defensoriaformosa.gob.ar\/index.php?rest_route=\/wp\/v2\/posts"}],"about":[{"href":"https:\/\/defensoriaformosa.gob.ar\/index.php?rest_route=\/wp\/v2\/types\/post"}],"author":[{"embeddable":true,"href":"https:\/\/defensoriaformosa.gob.ar\/index.php?rest_route=\/wp\/v2\/users\/1"}],"replies":[{"embeddable":true,"href":"https:\/\/defensoriaformosa.gob.ar\/index.php?rest_route=%2Fwp%2Fv2%2Fcomments&post=16262"}],"version-history":[{"count":2,"href":"https:\/\/defensoriaformosa.gob.ar\/index.php?rest_route=\/wp\/v2\/posts\/16262\/revisions"}],"predecessor-version":[{"id":16265,"href":"https:\/\/defensoriaformosa.gob.ar\/index.php?rest_route=\/wp\/v2\/posts\/16262\/revisions\/16265"}],"wp:featuredmedia":[{"embeddable":true,"href":"https:\/\/defensoriaformosa.gob.ar\/index.php?rest_route=\/wp\/v2\/media\/16263"}],"wp:attachment":[{"href":"https:\/\/defensoriaformosa.gob.ar\/index.php?rest_route=%2Fwp%2Fv2%2Fmedia&parent=16262"}],"wp:term":[{"taxonomy":"category","embeddable":true,"href":"https:\/\/defensoriaformosa.gob.ar\/index.php?rest_route=%2Fwp%2Fv2%2Fcategories&post=16262"},{"taxonomy":"post_tag","embeddable":true,"href":"https:\/\/defensoriaformosa.gob.ar\/index.php?rest_route=%2Fwp%2Fv2%2Ftags&post=16262"}],"curies":[{"name":"wp","href":"https:\/\/api.w.org\/{rel}","templated":true}]}}