{"id":16253,"date":"2025-06-02T19:04:54","date_gmt":"2025-06-02T22:04:54","guid":{"rendered":"https:\/\/defensoriaformosa.gob.ar\/?p=16253"},"modified":"2025-06-02T19:04:54","modified_gmt":"2025-06-02T22:04:54","slug":"ademas-de-la-suba-en-combustibles-se-sumaron-los-de-alquileres-y-otros-a-partir-de-junio","status":"publish","type":"post","link":"https:\/\/defensoriaformosa.gob.ar\/?p=16253","title":{"rendered":"ADEMAS DE LA SUBA EN COMBUSTIBLES SE SUMARON LOS DE ALQUILERES Y OTROS A PARTIR DE JUNIO"},"content":{"rendered":"<p>Conforme a un relevamiento llevado a cabo por personal de la Defensor\u00eda del Pueblo de la Provincia de Formosa, este 1 de junio, 6\u00ba mes del a\u00f1o, los combustibles en nuestra provincia quedaron en los siguientes valores, luego de los aumentos dispuestos por el Gobierno Nacional correspondientes a los impuestos que gravan los carburantes y que hab\u00edan sido postergados hasta el mes de junio, mediante el Decreto N\u00ba 296\/25, lo cual, impacta directamente en el bolsillo de los consumidores, siendo los mismos de entre $10 y $14 por litro, lo que se tradujo en una variaci\u00f3n promedio del 1%, debiendo pagarse por ahora estos precios: * YPF nafta S\u00faper a $ 1281 ($97 m\u00e1s que CABA, $96 m\u00e1s que en Mendoza y $238 La Pampa), la Infinia a $ 1498 ($95 m\u00e1s CABA, $110 Mendoza y $232 La Pampa), el Di\u00e9sel 500 a $ 1304 ($114 m\u00e1s CABA, $60 Mendoza y $59 La Pampa), el Di\u00e9sel Premium a $ 1465 ($91 m\u00e1s CABA, $90 Mendoza y $24 La Pampa). * En tanto las estaciones de servicios de AXION la nafta S\u00faper a $ 1320, la Quantium a $ 1606, el gasoil Di\u00e9sel a $ 1413 y el Quantium a $ 1599. * SHELL naftas S\u00faper a $ 1352, la V Power a $ 1599, en tanto el Gasoil Com\u00fan a $ 1390 y el V-Power $ 1597. * Por \u00faltimo, las de Bandera Blanca la nafta S\u00faper $ 1220, la Premium $ 1390 y la Gasolina Com\u00fan a $ 1590, el Euro Di\u00e9sel a $ 1599.<\/p>\n<p>Por otra parte, el Ombudsman Provincial, Dr. Jos\u00e9 Leonardo Gialluca, se\u00f1al\u00f3 que, a partir de este mes, tambi\u00e9n los contratos de alquileres tendr\u00e1n nuevos incrementos. El Funcionario Provincial, record\u00f3 que, hasta fines de 2023, los contratos dejaron de pactarse bajo las reglas de la ley de alquileres: por tres a\u00f1os y con ajustes anuales por el \u00edndice de Precios al Consumidor (IPC) o de su actualizaci\u00f3n -en octubre de 2023- con ajustes semestrales por Casa Propia. Todo cambi\u00f3 luego de la derogaci\u00f3n de la normativa vigente, a partir de 2024 los acuerdos se pactan libremente entre las partes, esto significa que los propietarios e inquilinos pueden acordar la duraci\u00f3n del contrato, la periodicidad de los ajustes y el \u00edndice a utilizar. No obstante, lo cual, es importante aclarar que, en la mayor\u00eda de los casos, los acuerdos incluyen, actualizaciones trimestrales y cuatrimestrales en pesos, basadas en la inflaci\u00f3n medida por el \u00cdndice de Precios al Consumidor (IPC). De esta forma, para quienes firmaron contratos con ajuste cada tres meses, el aumento de junio se calcular\u00e1 con el \u00faltimo \u00edndice publicado por el INDEC -abril de 2025-, por lo que el incremento ser\u00e1 del 9,58% tomando el acumulado de inflaci\u00f3n de febrero, marzo y abril.<\/p>\n<p>En n\u00fameros precisos: si el alquiler inicial era de $500.000, el nuevo valor a pagar en el sexto mes del a\u00f1o ser\u00e1 de aproximadamente $547.889. Por otro lado, en junio de 2025, los contratos firmados en el mismo mes el 2023 sufrir\u00e1n una segunda y \u00faltima suba interanual (ya que finalizar\u00e1n en 2026) del 80,65%, seg\u00fan datos del BCRA. En n\u00fameros concretos, si un inquilino paga un alquiler de $400.000, a partir del pr\u00f3ximo mes y por los siguientes 12 deber\u00e1 abonar $722.581, mientras que el que paga $600.000 pasar\u00e1 a abonar $1.083.871 por mes. Un dato clave a tener en cuenta es que el ICL (\u00cdndice para Contratos de Locaci\u00f3n) var\u00eda en forma diaria, por lo que, el aumento depender\u00e1 el d\u00eda del mes en el que fue firmado el contrato para aplicar el ajuste correspondiente.<\/p>\n<p>&nbsp;<\/p>\n","protected":false},"excerpt":{"rendered":"<p>Conforme a un relevamiento llevado a cabo por personal de la Defensor\u00eda del Pueblo de la Provincia de Formosa, este 1 de junio, 6\u00ba mes del a\u00f1o, los combustibles en nuestra provincia quedaron en los siguientes valores, luego de los aumentos dispuestos por el Gobierno Nacional correspondientes a los impuestos que gravan los carburantes y [&hellip;]<\/p>\n","protected":false},"author":1,"featured_media":16254,"comment_status":"closed","ping_status":"closed","sticky":false,"template":"","format":"standard","meta":{"footnotes":""},"categories":[1],"tags":[],"class_list":["post-16253","post","type-post","status-publish","format-standard","has-post-thumbnail","hentry","category-noticias"],"_links":{"self":[{"href":"https:\/\/defensoriaformosa.gob.ar\/index.php?rest_route=\/wp\/v2\/posts\/16253","targetHints":{"allow":["GET"]}}],"collection":[{"href":"https:\/\/defensoriaformosa.gob.ar\/index.php?rest_route=\/wp\/v2\/posts"}],"about":[{"href":"https:\/\/defensoriaformosa.gob.ar\/index.php?rest_route=\/wp\/v2\/types\/post"}],"author":[{"embeddable":true,"href":"https:\/\/defensoriaformosa.gob.ar\/index.php?rest_route=\/wp\/v2\/users\/1"}],"replies":[{"embeddable":true,"href":"https:\/\/defensoriaformosa.gob.ar\/index.php?rest_route=%2Fwp%2Fv2%2Fcomments&post=16253"}],"version-history":[{"count":1,"href":"https:\/\/defensoriaformosa.gob.ar\/index.php?rest_route=\/wp\/v2\/posts\/16253\/revisions"}],"predecessor-version":[{"id":16255,"href":"https:\/\/defensoriaformosa.gob.ar\/index.php?rest_route=\/wp\/v2\/posts\/16253\/revisions\/16255"}],"wp:featuredmedia":[{"embeddable":true,"href":"https:\/\/defensoriaformosa.gob.ar\/index.php?rest_route=\/wp\/v2\/media\/16254"}],"wp:attachment":[{"href":"https:\/\/defensoriaformosa.gob.ar\/index.php?rest_route=%2Fwp%2Fv2%2Fmedia&parent=16253"}],"wp:term":[{"taxonomy":"category","embeddable":true,"href":"https:\/\/defensoriaformosa.gob.ar\/index.php?rest_route=%2Fwp%2Fv2%2Fcategories&post=16253"},{"taxonomy":"post_tag","embeddable":true,"href":"https:\/\/defensoriaformosa.gob.ar\/index.php?rest_route=%2Fwp%2Fv2%2Ftags&post=16253"}],"curies":[{"name":"wp","href":"https:\/\/api.w.org\/{rel}","templated":true}]}}