{"id":16250,"date":"2025-05-31T22:14:06","date_gmt":"2025-06-01T01:14:06","guid":{"rendered":"https:\/\/defensoriaformosa.gob.ar\/?p=16250"},"modified":"2025-06-01T22:18:18","modified_gmt":"2025-06-02T01:18:18","slug":"la-inflacion-que-reconocen-los-consumidores-es-el-doble-de-las-cifras-del-indec","status":"publish","type":"post","link":"https:\/\/defensoriaformosa.gob.ar\/?p=16250","title":{"rendered":"LA INFLACI\u00d3N QUE RECONOCEN LOS CONSUMIDORES ES EL DOBLE DE LAS CIFRAS DEL INDEC"},"content":{"rendered":"<p><strong>La defensor\u00eda del Pueblo de la Provincia de Formosa, afirm\u00f3 que, \u201cla inflaci\u00f3n que nota la gente en las g\u00f3ndolas de los supermercados y en los comercios barriales es mucho m\u00e1s alta de la que mide el Gobierno Nacional a trav\u00e9s del INDEC\u201d. <\/strong><\/p>\n<p><!--more--><\/p>\n<p>El Ombudsman Provincial, Dr. Jos\u00e9 Leonardo Gialluca, revel\u00f3 que, conforme el \u00faltimo relevamiento concretado por el Centro de Investigaci\u00f3n en Finanzas (CIF) de la Universidad Torcuato Di Tella (UTDT), los consumidores consultados afirman que los precios suben a un ritmo superior al 4% mensual, frente al 2% que publica el INDEC. Gialluca, advirti\u00f3 que, si bien el estudio no lo menciona, diferentes consultoras vienen denunciando que el INDEC \u201ctiene que ajustar la canasta de consumo y sus diferentes ponderadores, con los cuales mide la evoluci\u00f3n de los precios\u201d. Sostienen los mismos que, esta canasta esta desactualizada, con patrones de consumo de familias de clase media de hace m\u00e1s de 20 a\u00f1os, cuando no exist\u00edan ciertos tipos de consumo que s\u00ed se registran en la actualidad, como internet o plataformas de streaming.<\/p>\n<p>A esto debe recordarse y es imprescindible para tener \u201ccifras reales de la inflaci\u00f3n actualmente en argentina que los servicios de energ\u00eda el\u00e9ctrica, gas envasado, agua potable, transporte, entre otros, ganaron peso dentro de la canasta a partir de la eliminaci\u00f3n o quita de subsidios por parte del Gobierno Nacional, por lo que, todos estos rubros deber\u00edan impactar mucho m\u00e1s en la inflaci\u00f3n de lo que est\u00e1n mostrando las encuestas oficiales\u201d.<\/p>\n","protected":false},"excerpt":{"rendered":"<p>La defensor\u00eda del Pueblo de la Provincia de Formosa, afirm\u00f3 que, \u201cla inflaci\u00f3n que nota la gente en las g\u00f3ndolas de los supermercados y en los comercios barriales es mucho m\u00e1s alta de la que mide el Gobierno Nacional a trav\u00e9s del INDEC\u201d.<\/p>\n","protected":false},"author":1,"featured_media":16251,"comment_status":"closed","ping_status":"closed","sticky":false,"template":"","format":"standard","meta":{"footnotes":""},"categories":[1],"tags":[],"class_list":["post-16250","post","type-post","status-publish","format-standard","has-post-thumbnail","hentry","category-noticias"],"_links":{"self":[{"href":"https:\/\/defensoriaformosa.gob.ar\/index.php?rest_route=\/wp\/v2\/posts\/16250","targetHints":{"allow":["GET"]}}],"collection":[{"href":"https:\/\/defensoriaformosa.gob.ar\/index.php?rest_route=\/wp\/v2\/posts"}],"about":[{"href":"https:\/\/defensoriaformosa.gob.ar\/index.php?rest_route=\/wp\/v2\/types\/post"}],"author":[{"embeddable":true,"href":"https:\/\/defensoriaformosa.gob.ar\/index.php?rest_route=\/wp\/v2\/users\/1"}],"replies":[{"embeddable":true,"href":"https:\/\/defensoriaformosa.gob.ar\/index.php?rest_route=%2Fwp%2Fv2%2Fcomments&post=16250"}],"version-history":[{"count":1,"href":"https:\/\/defensoriaformosa.gob.ar\/index.php?rest_route=\/wp\/v2\/posts\/16250\/revisions"}],"predecessor-version":[{"id":16252,"href":"https:\/\/defensoriaformosa.gob.ar\/index.php?rest_route=\/wp\/v2\/posts\/16250\/revisions\/16252"}],"wp:featuredmedia":[{"embeddable":true,"href":"https:\/\/defensoriaformosa.gob.ar\/index.php?rest_route=\/wp\/v2\/media\/16251"}],"wp:attachment":[{"href":"https:\/\/defensoriaformosa.gob.ar\/index.php?rest_route=%2Fwp%2Fv2%2Fmedia&parent=16250"}],"wp:term":[{"taxonomy":"category","embeddable":true,"href":"https:\/\/defensoriaformosa.gob.ar\/index.php?rest_route=%2Fwp%2Fv2%2Fcategories&post=16250"},{"taxonomy":"post_tag","embeddable":true,"href":"https:\/\/defensoriaformosa.gob.ar\/index.php?rest_route=%2Fwp%2Fv2%2Ftags&post=16250"}],"curies":[{"name":"wp","href":"https:\/\/api.w.org\/{rel}","templated":true}]}}