{"id":16244,"date":"2025-05-29T10:28:06","date_gmt":"2025-05-29T13:28:06","guid":{"rendered":"https:\/\/defensoriaformosa.gob.ar\/?p=16244"},"modified":"2025-05-30T10:33:34","modified_gmt":"2025-05-30T13:33:34","slug":"solicitan-a-las-comisiones-de-libertad-de-expresion-y-derechos-humanos-del-congreso-de-la-nacion-garanticen-a-los-ciudadanos-que-la-pretendida-seguridad-no-se-convierta-en-caza-de-brujas","status":"publish","type":"post","link":"https:\/\/defensoriaformosa.gob.ar\/?p=16244","title":{"rendered":"SOLICITAN A LAS COMISIONES DE LIBERTAD DE EXPRESION Y DERECHOS HUMANOS DEL CONGRESO DE LA NACION GARANTICEN A LOS CIUDADANOS QUE LA PRETENDIDA SEGURIDAD NO SE CONVIERTA EN CAZA DE BRUJAS"},"content":{"rendered":"<p><strong>Desde la -Direcci\u00f3n de Derechos Humanos y Grupos Minoritarios- de la Defensor\u00eda del Pueblo de la Provincia de Formosa, se requiri\u00f3 formalmente a las Presidentas, de la Comisi\u00f3n de Libertad de Expresi\u00f3n, Orozco Emilia y a Ajmechet Sabrina, que preside la Comisi\u00f3n de Derechos Humanos y Garant\u00edas, dentro de sus competencias que, implican la vigencia, promoci\u00f3n, defensa y difusi\u00f3n de los derechos humanos, civiles, pol\u00edticos, econ\u00f3micos, sociales y culturales, as\u00ed como sobre proyectos vinculados con la plena vigencia de los derechos y garant\u00edas reconocidos por la Constituci\u00f3n Nacional y las Leyes de la Rep\u00fablica; convoquen al Jefe de la SIDE, Sergio Neiffert, a la C\u00e1mara de Diputados, con el objeto de que el mismo explique: al servicio de qu\u00e9 fines y cu\u00e1les son los procedimientos del nuevo -Plan de Inteligencia Nacional-; pues no debemos perder de vista que la l\u00ednea entre seguridad y vigilancia es muy delgada y no se puede permitir que la misma derive en una \u00a0\u201chabilitaci\u00f3n para el espionaje interno contra ciudadanos\u201d. <\/strong><\/p>\n<p><!--more--><\/p>\n<p>Adem\u00e1s, se debe explicar de qu\u00e9 manera los representantes del pueblo que participar\u00e1n (Comisi\u00f3n Bicameral de Inteligencia) ejercer\u00e1n el debido contralor. Pues si se dej\u00f3 en claro que, el PIN es un instrumento, al cual solo tiene acceso el Presidente de la Naci\u00f3n Javier Milei, el Titular de la SIDE y la Comisi\u00f3n Bicameral de Inteligencia, se tiene que llevar tranquilidad a toda nuestra poblaci\u00f3n, de que no estamos frente a un grave avance del autoritarismo en el pa\u00eds. Desde el Organismo de la Constituci\u00f3n, siempre acompa\u00f1aremos la lucha contra el terrorismo, narcotr\u00e1fico, la defensa de los recursos estrat\u00e9gicos, la soberan\u00eda en el Atl\u00e1ntico Sur, pero no podemos permitir que, desde un Estado Vigilante se \u201chabilite la posibilidad de controlar\u201d lo que el actual Gobierno Nacional considera como su \u201cenemigo interno\u201d, porque el objetivo podr\u00eda ser una Organizaci\u00f3n Social, una Universidad o un Medio de Comunicaci\u00f3n. Permitir que se recabe informaci\u00f3n sobre quienes: \u201cbusquen erosionar la confianza de los Funcionarios P\u00fablicos\u201d es totalmente impreciso y peligroso, toda vez que, este tipo de cl\u00e1usulas se convierten en una amenaza para la vigencia de los derechos humanos en nuestro pa\u00eds y para la libertad de expresi\u00f3n, pues bajo la mencionada excusa, se podr\u00e1 permitir utilizar la inteligencia interna para perseguir disidentes.<\/p>\n<p>De hecho, el nuevo plan -seg\u00fan sostienen- apunta contra quienes manipulen la opini\u00f3n p\u00fablica, usen la Inteligencia Artificial para alterar, para \u201cdistorsionar la percepci\u00f3n\u201d y as\u00ed difundir \u201cdesinformaci\u00f3n\u201d, definiciones tan amplias que podr\u00edan llegar a comprender, a cualquier influencer o un tweet viral o un video editado con memes pol\u00edticos, por cualquier ciudadano argentino, y todo ello ocurre por la falta de claridad, en los fines expresados. Ante esto, exhortamos la necesaria y urgente intervenci\u00f3n de la Comisi\u00f3n de Derechos Humanos y de Libertad de Expresi\u00f3n, para evitar que se habilite una caza de brujas que recuerde los peores momentos del pasado argentino \u201ccuando la vigilancia se disfrazaba de seguridad\u201d. El m\u00e9todo implementado por el PIN debe ser preciso y efectivo, pues en un pa\u00eds donde existe hiperinformaci\u00f3n, a trav\u00e9s de los medios y de las redes sociales, trazar una l\u00ednea entre seguridad y vigilancia es imposible y con el nuevo plan de la SIDE, esto podr\u00eda llegar a tener consecuencias impredecibles.<\/p>\n","protected":false},"excerpt":{"rendered":"<p>Desde la -Direcci\u00f3n de Derechos Humanos y Grupos Minoritarios- de la Defensor\u00eda del Pueblo de la Provincia de Formosa, se requiri\u00f3 formalmente a las Presidentas, de la Comisi\u00f3n de Libertad de Expresi\u00f3n, Orozco Emilia y a Ajmechet Sabrina, que preside la Comisi\u00f3n de Derechos Humanos y Garant\u00edas, dentro de sus competencias que, implican la vigencia, [&hellip;]<\/p>\n","protected":false},"author":1,"featured_media":16245,"comment_status":"closed","ping_status":"closed","sticky":false,"template":"","format":"standard","meta":{"footnotes":""},"categories":[1],"tags":[],"class_list":["post-16244","post","type-post","status-publish","format-standard","has-post-thumbnail","hentry","category-noticias"],"_links":{"self":[{"href":"https:\/\/defensoriaformosa.gob.ar\/index.php?rest_route=\/wp\/v2\/posts\/16244","targetHints":{"allow":["GET"]}}],"collection":[{"href":"https:\/\/defensoriaformosa.gob.ar\/index.php?rest_route=\/wp\/v2\/posts"}],"about":[{"href":"https:\/\/defensoriaformosa.gob.ar\/index.php?rest_route=\/wp\/v2\/types\/post"}],"author":[{"embeddable":true,"href":"https:\/\/defensoriaformosa.gob.ar\/index.php?rest_route=\/wp\/v2\/users\/1"}],"replies":[{"embeddable":true,"href":"https:\/\/defensoriaformosa.gob.ar\/index.php?rest_route=%2Fwp%2Fv2%2Fcomments&post=16244"}],"version-history":[{"count":1,"href":"https:\/\/defensoriaformosa.gob.ar\/index.php?rest_route=\/wp\/v2\/posts\/16244\/revisions"}],"predecessor-version":[{"id":16246,"href":"https:\/\/defensoriaformosa.gob.ar\/index.php?rest_route=\/wp\/v2\/posts\/16244\/revisions\/16246"}],"wp:featuredmedia":[{"embeddable":true,"href":"https:\/\/defensoriaformosa.gob.ar\/index.php?rest_route=\/wp\/v2\/media\/16245"}],"wp:attachment":[{"href":"https:\/\/defensoriaformosa.gob.ar\/index.php?rest_route=%2Fwp%2Fv2%2Fmedia&parent=16244"}],"wp:term":[{"taxonomy":"category","embeddable":true,"href":"https:\/\/defensoriaformosa.gob.ar\/index.php?rest_route=%2Fwp%2Fv2%2Fcategories&post=16244"},{"taxonomy":"post_tag","embeddable":true,"href":"https:\/\/defensoriaformosa.gob.ar\/index.php?rest_route=%2Fwp%2Fv2%2Ftags&post=16244"}],"curies":[{"name":"wp","href":"https:\/\/api.w.org\/{rel}","templated":true}]}}