{"id":16240,"date":"2025-05-28T17:04:53","date_gmt":"2025-05-28T20:04:53","guid":{"rendered":"https:\/\/defensoriaformosa.gob.ar\/?p=16240"},"modified":"2025-05-28T17:04:53","modified_gmt":"2025-05-28T20:04:53","slug":"afirmo-la-defensoria-del-pueblo-que-la-inflacion-cero-y-el-ipc-del-indec-son-en-la-actualidad-un-engano","status":"publish","type":"post","link":"https:\/\/defensoriaformosa.gob.ar\/?p=16240","title":{"rendered":"AFIRMO LA DEFENSORIA DEL PUEBLO QUE LA \u201cINFLACION CERO Y EL IPC DEL INDEC\u201d SON EN LA ACTUALIDAD UN ENGA\u00d1O"},"content":{"rendered":"<p><strong>-Seg\u00fan el \u00faltimo informe del Instituto de Estad\u00edsticas y Tendencias Sociales y Econ\u00f3micas (IETSE), el 91% de los hogares argentinos est\u00e1 endeudado y la mayor\u00eda de esas deudas se tomaron en el 2024 tras la devaluaci\u00f3n, fuerte inflaci\u00f3n y ca\u00edda del poder adquisitivo, \u201cdetermin\u00e1ndose que el origen de las deudas con tarjeta de cr\u00e9dito en el mes de mayo del 2025, el 58% corresponden \u00fanicamente a la compra de alimentos\u201d-<\/strong><\/p>\n<p><!--more--><\/p>\n<p>En el actual contexto econ\u00f3mico y social, el Gobierno Nacional de Javier Milei, comparti\u00f3 una publicaci\u00f3n que establece que la inflaci\u00f3n semanal de mayo rond\u00f3 el 0%, citando un texto del economista Salvador Di Stefano, basado en datos de OJF &amp; Asociados, Equilibra y Econviews, lo que llev\u00f3 a la Defensor\u00eda del Pueblo de la Provincia de Formosa, a reiterarle al Titular del INDEC, Marco Lavagna, que si bien t\u00e9cnicamente la inflaci\u00f3n no se est\u00e1 \u201cmidiendo mal\u201d, tambi\u00e9n es cierto que se lo hace, con un IPC con base en el 2004 (\u00cdndice de Precios al Consumidor), que no refleja completamente la situaci\u00f3n de los hogares y a eso debemos sumarle que, la canasta de consumo utilizada para medir la inflaci\u00f3n no se ha actualizado desde hace varios a\u00f1os y en consecuencia, no expresa los patrones de gastos actuales de los argentinos. En otras palabras, en la medici\u00f3n del INDEC la porci\u00f3n de la torta de los gastos de una familia o de una persona asignada a los servicios esenciales o no, es demasiada chica para lo que en la pr\u00e1ctica representan. Es por eso que la suba irracional de precios (energ\u00eda el\u00e9ctrica, comunicaciones) que estos vienen sufriendo desde el 2024 y lo que va del 2025, no tuvo en el IPC la incidencia que s\u00ed tiene en las econom\u00edas dom\u00e9sticas. Otro de los factores es que, si bien Alimentos viene moderando alzas, la devaluaci\u00f3n del 2023 que hizo Milei dej\u00f3 esos precios en los niveles en d\u00f3lares m\u00e1s caros del mundo. Asimismo, ese 0% se explica toda vez que los salarios corren, hace meses, muy por detr\u00e1s de la inflaci\u00f3n, un fen\u00f3meno que tambi\u00e9n fomenta el Gobierno Nacional para que la econom\u00eda se enfr\u00ede y los precios no se disparen.<\/p>\n<p>As\u00ed, la Consultura -Pulso Research-, que lejos est\u00e1 de ser una firma encuestadora asociada a la oposici\u00f3n, acaba de publicar un trabajo amplio que hace preguntas clave sobre el tema. \u00abPensando en la inflaci\u00f3n en el lugar donde vive \u00bfAument\u00f3, sigue igual o disminuy\u00f3? \u00ab, consultaron. Ocho de cada diez dijeron que aument\u00f3 o sigue igual. Dentro de ese grupo, 54,8 dijeron que \u00abaumenta\u00bb, un n\u00famero que ven\u00eda del 45,3 por ciento en la medici\u00f3n pasada. Es decir, a\u00fan con la inflaci\u00f3n cediendo, creci\u00f3 la percepci\u00f3n social de que los precios suben m\u00e1s. La respuesta de los consumidores sorprende, dado que el Gobierno Nacional anterior dej\u00f3 12,5 de inflaci\u00f3n y el actual la llev\u00f3 a 3 por ciento, es decir, hubo una desaceleraci\u00f3n considerable, pero la gente sigue sin verla. Asimismo, el Ombudsman Provincial, Dr. Jos\u00e9 Leonardo Gialluca, denunci\u00f3 que, el 91% de los hogares argentinos est\u00e1 endeudados y la mayor\u00eda de esas deudas se tomaron en 2024 tras la devaluaci\u00f3n, fuerte inflaci\u00f3n del primer semestre y la ca\u00edda del poder adquisitivo, siendo que el origen de las deudas con tarjetas de cr\u00e9dito en un 58%, corresponden a la compra de alimentos. En comparaci\u00f3n con 2024, aument\u00f3 el n\u00famero de hogares con m\u00e1s de tres deudas (de 8% a 12%), lo que refleja una mayor fragmentaci\u00f3n y recurrencia del cr\u00e9dito como estrategia de subsistencia, siendo las deudas impagas, que implican las moras simples o judiciales, representaron el 76% del total. En cuanto a las formas de financiaci\u00f3n, los argentinos eligen las tarjetas de cr\u00e9dito bancaria y no bancaria en un 30,5%, la cual sufri\u00f3 un crecimiento de 5 -puntos porcentuales- frente al mismo mes de 2024. Esta conducta muestra que el uso de las tarjetas de cr\u00e9dito para necesidades esenciales, son un s\u00edntoma irrebatible de empobrecimiento. En cuanto al origen de las deudas bancarias, se explican en un 34% por la refinanciaci\u00f3n de la tarjeta de cr\u00e9dito, es decir, se piden cr\u00e9ditos bancarios para refinanciar deudas de tarjetas de cr\u00e9dito.<\/p>\n<p>En este escenario de gran endeudamiento, el 56% de los hogares destina entre el 40% y el 60% o m\u00e1s de sus ingresos mensuales al pago de deudas, por lo que, el endeudamiento en Argentina ha dejado de ser un instrumento transitorio para convertirse en un fen\u00f3meno estructural. La creciente utilizaci\u00f3n de cr\u00e9dito para satisfacer necesidades b\u00e1sicas como la alimentaci\u00f3n, revela un empobrecimiento de los hogares que va m\u00e1s all\u00e1 de la coyuntura econ\u00f3mica. La inflaci\u00f3n, hoy estabilizada pero permanentemente alta y una gran ca\u00edda del poder adquisitivo, son las causas de una crisis de ingresos, que obliga a miles de familias a vivir en un estado de emergencia social y econ\u00f3mica permanente.<\/p>\n","protected":false},"excerpt":{"rendered":"<p>-Seg\u00fan el \u00faltimo informe del Instituto de Estad\u00edsticas y Tendencias Sociales y Econ\u00f3micas (IETSE), el 91% de los hogares argentinos est\u00e1 endeudado y la mayor\u00eda de esas deudas se tomaron en el 2024 tras la devaluaci\u00f3n, fuerte inflaci\u00f3n y ca\u00edda del poder adquisitivo, \u201cdetermin\u00e1ndose que el origen de las deudas con tarjeta de cr\u00e9dito en [&hellip;]<\/p>\n","protected":false},"author":1,"featured_media":16241,"comment_status":"closed","ping_status":"closed","sticky":false,"template":"","format":"standard","meta":{"footnotes":""},"categories":[1],"tags":[],"class_list":["post-16240","post","type-post","status-publish","format-standard","has-post-thumbnail","hentry","category-noticias"],"_links":{"self":[{"href":"https:\/\/defensoriaformosa.gob.ar\/index.php?rest_route=\/wp\/v2\/posts\/16240","targetHints":{"allow":["GET"]}}],"collection":[{"href":"https:\/\/defensoriaformosa.gob.ar\/index.php?rest_route=\/wp\/v2\/posts"}],"about":[{"href":"https:\/\/defensoriaformosa.gob.ar\/index.php?rest_route=\/wp\/v2\/types\/post"}],"author":[{"embeddable":true,"href":"https:\/\/defensoriaformosa.gob.ar\/index.php?rest_route=\/wp\/v2\/users\/1"}],"replies":[{"embeddable":true,"href":"https:\/\/defensoriaformosa.gob.ar\/index.php?rest_route=%2Fwp%2Fv2%2Fcomments&post=16240"}],"version-history":[{"count":1,"href":"https:\/\/defensoriaformosa.gob.ar\/index.php?rest_route=\/wp\/v2\/posts\/16240\/revisions"}],"predecessor-version":[{"id":16242,"href":"https:\/\/defensoriaformosa.gob.ar\/index.php?rest_route=\/wp\/v2\/posts\/16240\/revisions\/16242"}],"wp:featuredmedia":[{"embeddable":true,"href":"https:\/\/defensoriaformosa.gob.ar\/index.php?rest_route=\/wp\/v2\/media\/16241"}],"wp:attachment":[{"href":"https:\/\/defensoriaformosa.gob.ar\/index.php?rest_route=%2Fwp%2Fv2%2Fmedia&parent=16240"}],"wp:term":[{"taxonomy":"category","embeddable":true,"href":"https:\/\/defensoriaformosa.gob.ar\/index.php?rest_route=%2Fwp%2Fv2%2Fcategories&post=16240"},{"taxonomy":"post_tag","embeddable":true,"href":"https:\/\/defensoriaformosa.gob.ar\/index.php?rest_route=%2Fwp%2Fv2%2Ftags&post=16240"}],"curies":[{"name":"wp","href":"https:\/\/api.w.org\/{rel}","templated":true}]}}