{"id":16123,"date":"2025-04-11T18:08:20","date_gmt":"2025-04-11T21:08:20","guid":{"rendered":"https:\/\/defensoriaformosa.gob.ar\/?p=16123"},"modified":"2025-04-11T18:08:20","modified_gmt":"2025-04-11T21:08:20","slug":"afirman-que-el-consumo-cayo-por-decimo-quinto-mes-consecutivo-en-los-supermercados","status":"publish","type":"post","link":"https:\/\/defensoriaformosa.gob.ar\/?p=16123","title":{"rendered":"AFIRMAN QUE EL CONSUMO CAYO POR DECIMO QUINTO MES CONSECUTIVO EN LOS SUPERMERCADOS"},"content":{"rendered":"<p><strong>-Los precios de los alimentos contin\u00faan en alza, sin se\u00f1ales claras de desaceleraci\u00f3n, m\u00e1s all\u00e1 de las afirmaciones del Gobierno Nacional que insiste en que la inflaci\u00f3n est\u00e1 controlada-<\/strong><\/p>\n<p><!--more--><\/p>\n<p>La -Direcci\u00f3n de Usuarios, Consumidores y Relaciones de Consumo- de la Defensor\u00eda del Pueblo de la Provincia de Formosa, denunci\u00f3 que durante este mes de abril los precios de los alimentos siguen en alza, sin se\u00f1ales claras de desaceleraci\u00f3n, m\u00e1s all\u00e1 de que el Gobierno Nacional afirme que la inflaci\u00f3n est\u00e1 controlada. En este sentido, los principales rubros que ya hab\u00edan registrado fuertes subas en marzo volvieron a aumentar en la primera semana de abril, registr\u00e1ndose fuertes incrementos en el tomate, lechuga, papa, cebolla, batata, zapallo, sum\u00e1ndosele otros alimentos esenciales donde los productores han advertido que debido al aumento en los costos de insumos y el ingreso masivo de importaciones, la producci\u00f3n nacional se encuentra en riesgo, encontr\u00e1ndose entre ellos, los panificados, cereales, pastas, carnes, l\u00e1cteos y huevos.<\/p>\n<p>El Ombudsman Provincial, Dr. Jos\u00e9 Leonardo Gialluca, afirm\u00f3 que el poder adquisitivo de los grupos familiares contin\u00faa en declive, \u201creflej\u00e1ndose en una ca\u00edda del 10,2% en las ventas de supermercados a nivel nacional en enero del 2025 en comparaci\u00f3n con el mismo mes del a\u00f1o 2023\u201d. Todo este panorama concluy\u00f3, origina una grave situaci\u00f3n social y econ\u00f3mica en todo el pa\u00eds respecto del consumo en rubros esenciales, encontr\u00e1ndose el mismo en los porcentajes m\u00e1s bajos de los \u00faltimos a\u00f1os, lo que prueba de que no existe un crecimiento sostenible de la econom\u00eda, si no se recupera verdaderamente la capacidad adquisitiva de los salarios, como as\u00ed tambi\u00e9n, el empleo, con la reactivaci\u00f3n de la obra p\u00fablica entre otras actividades.<\/p>\n<p>&nbsp;<\/p>\n","protected":false},"excerpt":{"rendered":"<p>-Los precios de los alimentos contin\u00faan en alza, sin se\u00f1ales claras de desaceleraci\u00f3n, m\u00e1s all\u00e1 de las afirmaciones del Gobierno Nacional que insiste en que la inflaci\u00f3n est\u00e1 controlada-<\/p>\n","protected":false},"author":1,"featured_media":16124,"comment_status":"closed","ping_status":"closed","sticky":false,"template":"","format":"standard","meta":{"footnotes":""},"categories":[1],"tags":[],"class_list":["post-16123","post","type-post","status-publish","format-standard","has-post-thumbnail","hentry","category-noticias"],"_links":{"self":[{"href":"https:\/\/defensoriaformosa.gob.ar\/index.php?rest_route=\/wp\/v2\/posts\/16123","targetHints":{"allow":["GET"]}}],"collection":[{"href":"https:\/\/defensoriaformosa.gob.ar\/index.php?rest_route=\/wp\/v2\/posts"}],"about":[{"href":"https:\/\/defensoriaformosa.gob.ar\/index.php?rest_route=\/wp\/v2\/types\/post"}],"author":[{"embeddable":true,"href":"https:\/\/defensoriaformosa.gob.ar\/index.php?rest_route=\/wp\/v2\/users\/1"}],"replies":[{"embeddable":true,"href":"https:\/\/defensoriaformosa.gob.ar\/index.php?rest_route=%2Fwp%2Fv2%2Fcomments&post=16123"}],"version-history":[{"count":1,"href":"https:\/\/defensoriaformosa.gob.ar\/index.php?rest_route=\/wp\/v2\/posts\/16123\/revisions"}],"predecessor-version":[{"id":16125,"href":"https:\/\/defensoriaformosa.gob.ar\/index.php?rest_route=\/wp\/v2\/posts\/16123\/revisions\/16125"}],"wp:featuredmedia":[{"embeddable":true,"href":"https:\/\/defensoriaformosa.gob.ar\/index.php?rest_route=\/wp\/v2\/media\/16124"}],"wp:attachment":[{"href":"https:\/\/defensoriaformosa.gob.ar\/index.php?rest_route=%2Fwp%2Fv2%2Fmedia&parent=16123"}],"wp:term":[{"taxonomy":"category","embeddable":true,"href":"https:\/\/defensoriaformosa.gob.ar\/index.php?rest_route=%2Fwp%2Fv2%2Fcategories&post=16123"},{"taxonomy":"post_tag","embeddable":true,"href":"https:\/\/defensoriaformosa.gob.ar\/index.php?rest_route=%2Fwp%2Fv2%2Ftags&post=16123"}],"curies":[{"name":"wp","href":"https:\/\/api.w.org\/{rel}","templated":true}]}}