{"id":16120,"date":"2025-04-10T23:26:54","date_gmt":"2025-04-11T02:26:54","guid":{"rendered":"https:\/\/defensoriaformosa.gob.ar\/?p=16120"},"modified":"2025-04-10T23:26:54","modified_gmt":"2025-04-11T02:26:54","slug":"jornada-informativa-en-el-tep-sobre-los-comicios-en-clorinda","status":"publish","type":"post","link":"https:\/\/defensoriaformosa.gob.ar\/?p=16120","title":{"rendered":"JORNADA INFORMATIVA EN EL TEP SOBRE LOS COMICIOS EN CLORINDA"},"content":{"rendered":"<p><strong>-La Defensor\u00eda cumplir\u00e1 con la labor de acompa\u00f1amiento c\u00edvico mediante el ODEPOE-<\/strong><\/p>\n<p><!--more--><\/p>\n<p>En la fecha, tuvo lugar una reuni\u00f3n informativa organizada por el Tribunal Electoral Permanente (TEP) de la Provincia de Formosa, en la cual el cuerpo colegiado inform\u00f3 respecto de la log\u00edstica que ser\u00e1 desplegada antes y durante las elecciones del pr\u00f3ximo domingo 13 de abril, que tendr\u00e1 por fin el de cubrir el cargo de Intendente de la Ciudad de Clorinda. Asimismo, se brindaron detalles de la guarda de urnas con custodia del Comando Electoral, la transmisi\u00f3n de datos, la trazabilidad, despliegue y repliegue de las urnas y de las documentaciones vinculadas con los comicios y fue presentado el Software a ser utilizado tanto para el escrutinio provisorio como el definitivo.<\/p>\n<p>La reuni\u00f3n, fue presidida por el Dr. Daniel Moreno, secundado por las Dras. Sandra Moreno y Ver\u00f3nica Hans, miembros del Tribunal Electoral Permanente de la Provincia y cont\u00f3 con la presencia de integrantes del Observatorio de Derechos Electorales y Pol\u00edticos de la Provincia (ODEPOE), Dres. Jos\u00e9 Porfirio Garc\u00eda y Leonardo S\u00e1nchez, el Jefe del Comando Electoral, con asiento en la Ciudad de Clorinda, Crio. Gral. Pablo Torres, el Coordinador Provincial de Delegados Zonales del Ministerio de Educaci\u00f3n, Prof. Gerardo Mart\u00ednez, el Responsable Ejecutivo la Unidad Provincial de Sistemas y Tecnolog\u00edas de la Informaci\u00f3n (UPSTI), as\u00ed como de los apoderados y fiscales Inform\u00e1ticos de los Diferentes Lemas y Sublemas que intervendr\u00e1n en el acto eleccionario.<\/p>\n<p>Con relaci\u00f3n al particular, el Defensor del Pueblo de la Provincia, Jos\u00e9 Leonardo Gialluca especific\u00f3: \u201cEl ODEPOE que funciona en el seno de la Defensor\u00eda del Pueblo, estar\u00e1 presente en la jornada del domingo pr\u00f3ximo en la Ciudad de Clorinda, en la cual se constituir\u00e1n agentes y funcionarios del Organismo a fin de cumplir con el acompa\u00f1amiento c\u00edvico a los votantes. Siendo funci\u00f3n del Observatorio, la de registrar el horario de habilitaci\u00f3n de las mesas, la presencia de las autoridades de las mismas, el adecuado acondicionamiento de los cuartos oscuros convencionales por un lado y los accesibles para personas con discapacidad, por el otro; la existencia de padrones en las entradas de los establecimientos educativos, de rampas de acceso y dem\u00e1s medidas de seguridad e higiene vigentes. Por otro lado, se asistir\u00e1 a los votantes en cuanto al conocimiento de sus derechos como electores, as\u00ed como a los presidentes de mesas y fiscales, en la medida en que lo soliciten, cuando precisen abundar en el conocimiento de la normativa electoral, actuando en todo momento con estricta sujeci\u00f3n a las leyes vigentes en la materia y la resoluci\u00f3n que rige el funcionamiento del ODEPOE, de manera tal de coadyubar a que los comicios se realicen en un marco de absoluta transparencia y armon\u00eda, de manera tal que se constituyan en una verdadera muestra de la sana convivencia democr\u00e1tica.\u201d<\/p>\n","protected":false},"excerpt":{"rendered":"<p>-La Defensor\u00eda cumplir\u00e1 con la labor de acompa\u00f1amiento c\u00edvico mediante el ODEPOE-<\/p>\n","protected":false},"author":1,"featured_media":16121,"comment_status":"closed","ping_status":"closed","sticky":false,"template":"","format":"standard","meta":{"footnotes":""},"categories":[1],"tags":[],"class_list":["post-16120","post","type-post","status-publish","format-standard","has-post-thumbnail","hentry","category-noticias"],"_links":{"self":[{"href":"https:\/\/defensoriaformosa.gob.ar\/index.php?rest_route=\/wp\/v2\/posts\/16120","targetHints":{"allow":["GET"]}}],"collection":[{"href":"https:\/\/defensoriaformosa.gob.ar\/index.php?rest_route=\/wp\/v2\/posts"}],"about":[{"href":"https:\/\/defensoriaformosa.gob.ar\/index.php?rest_route=\/wp\/v2\/types\/post"}],"author":[{"embeddable":true,"href":"https:\/\/defensoriaformosa.gob.ar\/index.php?rest_route=\/wp\/v2\/users\/1"}],"replies":[{"embeddable":true,"href":"https:\/\/defensoriaformosa.gob.ar\/index.php?rest_route=%2Fwp%2Fv2%2Fcomments&post=16120"}],"version-history":[{"count":1,"href":"https:\/\/defensoriaformosa.gob.ar\/index.php?rest_route=\/wp\/v2\/posts\/16120\/revisions"}],"predecessor-version":[{"id":16122,"href":"https:\/\/defensoriaformosa.gob.ar\/index.php?rest_route=\/wp\/v2\/posts\/16120\/revisions\/16122"}],"wp:featuredmedia":[{"embeddable":true,"href":"https:\/\/defensoriaformosa.gob.ar\/index.php?rest_route=\/wp\/v2\/media\/16121"}],"wp:attachment":[{"href":"https:\/\/defensoriaformosa.gob.ar\/index.php?rest_route=%2Fwp%2Fv2%2Fmedia&parent=16120"}],"wp:term":[{"taxonomy":"category","embeddable":true,"href":"https:\/\/defensoriaformosa.gob.ar\/index.php?rest_route=%2Fwp%2Fv2%2Fcategories&post=16120"},{"taxonomy":"post_tag","embeddable":true,"href":"https:\/\/defensoriaformosa.gob.ar\/index.php?rest_route=%2Fwp%2Fv2%2Ftags&post=16120"}],"curies":[{"name":"wp","href":"https:\/\/api.w.org\/{rel}","templated":true}]}}