{"id":16107,"date":"2025-03-27T18:36:19","date_gmt":"2025-03-27T21:36:19","guid":{"rendered":"https:\/\/defensoriaformosa.gob.ar\/?p=16107"},"modified":"2025-03-28T18:39:21","modified_gmt":"2025-03-28T21:39:21","slug":"solicitaron-acciones-y-gestiones-para-que-se-sancione-la-emergencia-a-favor-de-personas-con-discapacidad","status":"publish","type":"post","link":"https:\/\/defensoriaformosa.gob.ar\/?p=16107","title":{"rendered":"SOLICITARON ACCIONES Y GESTIONES PARA QUE SE SANCIONE LA EMERGENCIA A FAVOR DE PERSONAS CON DISCAPACIDAD"},"content":{"rendered":"<p><strong>Desde la -Direcci\u00f3n de Discapacidad- de la Defensor\u00eda del Pueblo de la Provincia de Formosa, se solicit\u00f3 formalmente a la Comisi\u00f3n Permanente de Discapacidad del Congreso de la Naci\u00f3n Presidida por Arroyo, Daniel y que integran, adem\u00e1s, los Diputados Provinciales Basterra, Luis Eugenio y Parola, Mar\u00eda Graciela, que avancen en la creaci\u00f3n de espacios de di\u00e1logos, consenso necesarios, as\u00ed como impulsen las acciones necesarias para que se declare la emergencia a favor de las personas con discapacidad, proyecto que ya obtuvo dictamen en la Comisi\u00f3n Permanente de Acci\u00f3n Social y Salud P\u00fablica a cargo del Diputado Yedlin, Pablo Ra\u00fal. <\/strong><\/p>\n<p><!--more--><\/p>\n<p>El Proyecto de Ley de Emergencia Nacional de Discapacidad, tiene por objeto efectivizar el cumplimiento de la obligaci\u00f3n del Estado Nacional, asumida en la convenci\u00f3n sobre los Derechos de las Personas con Discapacidad de jerarqu\u00eda constitucional otorgada por la Ley N\u00ba 27.044, de modificar leyes y decretos y de adoptar medidas legislativas, ejecutivas, administrativas y de otra \u00edndole que sean pertinentes para asegurar, entre otros, los derechos al nivel adecuado de vida, salud, habilitaci\u00f3n, rehabilitaci\u00f3n, educaci\u00f3n, protecci\u00f3n social y trabajo de las personas con discapacidad, siendo esta norma de orden p\u00fablico y por lo tanto, aplicable en todo el territorio nacional. Desde el Organismo de la Constituci\u00f3n Provincial, se sostuvo que la emergencia se traduce en otorgarles prioridad presupuestaria a las diversas problem\u00e1ticas que padecen las personas con discapacidad, las cuales actualmente, tienen graves dificultades en materia de transporte, educaci\u00f3n y de acceso a los medicamentos.<\/p>\n<p>Por otro lado, se agreg\u00f3 que al pasar la Agencia de Discapacidad (ANDIS) a la Jefatura de Gabinete de Ministros a cargo del Dr. Guillermo Alberto Francos y sacarla del Ministerio de Salud, implic\u00f3 una decisi\u00f3n por la cual, se retrocedi\u00f3 m\u00e1s de 100 a\u00f1os en esta materia. Asimismo, se consider\u00f3, en el requerimiento impulsado que al no encontrarse en la Agenda del Gobierno Nacional, la problem\u00e1tica actual de las personas con discapacidad, donde se las imagina \u00fanicamente como personas que tienen una enfermedad y no dentro de una concepci\u00f3n social que les permita ser incluidas en nuestra sociedad, se hace necesario que todos los bloques aborden este proyecto en la Congreso de la Naci\u00f3n, ya que a la fecha, la ausencia de la Libertad Avanza, sus aliados del Pro y la UCR, no est\u00e1 permitiendo que se garanticen diversas medidas de protecci\u00f3n y promoci\u00f3n de derechos, buscando el financiamiento adecuado de las Pensiones no Contributivas, fortaleciendo los prestadores b\u00e1sicos, garantizando, adem\u00e1s, el presupuesto indispensable de la Agencia Nacional de Discapacidad, y sostener el cupo laboral para personas con discapacidad entre otros puntos. Por \u00faltimo, desde la Instituci\u00f3n, se reiter\u00f3 que nadie se opone a las auditor\u00edas m\u00e9dicas, pero se volvi\u00f3 a se\u00f1alar que las mismas se deben llevar adelante, permiti\u00e9ndoles a todas las personas, poder tener el tiempo material suficiente para presentar los antecedentes m\u00e9dicos que avalen sus problem\u00e1ticas f\u00edsicas y\/o mentales, de lo contrario, lo \u00fanico que se puede llegar a observar en lugar de una auditor\u00eda, es un proceso de ajuste absolutamente brutal sobre los sectores m\u00e1s vulnerables y castigados en la actualidad.<\/p>\n","protected":false},"excerpt":{"rendered":"<p>Desde la -Direcci\u00f3n de Discapacidad- de la Defensor\u00eda del Pueblo de la Provincia de Formosa, se solicit\u00f3 formalmente a la Comisi\u00f3n Permanente de Discapacidad del Congreso de la Naci\u00f3n Presidida por Arroyo, Daniel y que integran, adem\u00e1s, los Diputados Provinciales Basterra, Luis Eugenio y Parola, Mar\u00eda Graciela, que avancen en la creaci\u00f3n de espacios de [&hellip;]<\/p>\n","protected":false},"author":1,"featured_media":16108,"comment_status":"closed","ping_status":"closed","sticky":false,"template":"","format":"standard","meta":{"footnotes":""},"categories":[1],"tags":[],"class_list":["post-16107","post","type-post","status-publish","format-standard","has-post-thumbnail","hentry","category-noticias"],"_links":{"self":[{"href":"https:\/\/defensoriaformosa.gob.ar\/index.php?rest_route=\/wp\/v2\/posts\/16107","targetHints":{"allow":["GET"]}}],"collection":[{"href":"https:\/\/defensoriaformosa.gob.ar\/index.php?rest_route=\/wp\/v2\/posts"}],"about":[{"href":"https:\/\/defensoriaformosa.gob.ar\/index.php?rest_route=\/wp\/v2\/types\/post"}],"author":[{"embeddable":true,"href":"https:\/\/defensoriaformosa.gob.ar\/index.php?rest_route=\/wp\/v2\/users\/1"}],"replies":[{"embeddable":true,"href":"https:\/\/defensoriaformosa.gob.ar\/index.php?rest_route=%2Fwp%2Fv2%2Fcomments&post=16107"}],"version-history":[{"count":1,"href":"https:\/\/defensoriaformosa.gob.ar\/index.php?rest_route=\/wp\/v2\/posts\/16107\/revisions"}],"predecessor-version":[{"id":16109,"href":"https:\/\/defensoriaformosa.gob.ar\/index.php?rest_route=\/wp\/v2\/posts\/16107\/revisions\/16109"}],"wp:featuredmedia":[{"embeddable":true,"href":"https:\/\/defensoriaformosa.gob.ar\/index.php?rest_route=\/wp\/v2\/media\/16108"}],"wp:attachment":[{"href":"https:\/\/defensoriaformosa.gob.ar\/index.php?rest_route=%2Fwp%2Fv2%2Fmedia&parent=16107"}],"wp:term":[{"taxonomy":"category","embeddable":true,"href":"https:\/\/defensoriaformosa.gob.ar\/index.php?rest_route=%2Fwp%2Fv2%2Fcategories&post=16107"},{"taxonomy":"post_tag","embeddable":true,"href":"https:\/\/defensoriaformosa.gob.ar\/index.php?rest_route=%2Fwp%2Fv2%2Ftags&post=16107"}],"curies":[{"name":"wp","href":"https:\/\/api.w.org\/{rel}","templated":true}]}}