{"id":16104,"date":"2025-03-28T18:35:57","date_gmt":"2025-03-28T21:35:57","guid":{"rendered":"https:\/\/defensoriaformosa.gob.ar\/?p=16104"},"modified":"2025-03-28T18:35:57","modified_gmt":"2025-03-28T21:35:57","slug":"se-demando-al-ministerio-de-economia-de-nacion-que-financie-el-mantenimiento-y-reparacion-de-las-rutas-nacionales","status":"publish","type":"post","link":"https:\/\/defensoriaformosa.gob.ar\/?p=16104","title":{"rendered":"SE DEMANDO AL MINISTERIO DE ECONOMIA DE NACION QUE FINANCIE EL MANTENIMIENTO Y REPARACION DE LAS RUTAS NACIONALES"},"content":{"rendered":"<p><strong>-Se plante\u00f3 adem\u00e1s la opci\u00f3n de traspaso de las Rutas Nacionales a las Provincias, pero con las partidas presupuestarias necesarias que permitan que las mismas sean transitables y seguras-<\/strong><\/p>\n<p><!--more--><\/p>\n<p>En la primer Reuni\u00f3n Plenaria de ADPRA del presente a\u00f1o, llevada a cabo en la Ciudad Aut\u00f3noma de Buenos Aires, se abordaron diversas tem\u00e1ticas, entre las que sobresalieron, los rechazos a las agresiones sufridas por los jubilados y menores de edad que en algunos casos fueron detenidos por las fuerzas de seguridad en las distintas marchas, Inst\u00e1ndose al Gobierno Nacional a respetar y garantizar el derecho a peticionar leg\u00edtimamente sin hacer un uso abusivo y desproporcionado de la violencia, reiterar al Estado Nacional por la designaci\u00f3n del Defensor del Pueblo de la Naci\u00f3n que se encuentra hace a\u00f1os vacante, solicitar a la Secretaria de Energ\u00eda de Naci\u00f3n y al ENRE \u201cque brinden explicaciones a las faltas de respuestas a todas las Defensor\u00edas del Pueblo del Pa\u00eds en cuanto a las graves deficiencias existentes, altos costos, falta de inversiones en la generaci\u00f3n y en el transporte, as\u00ed como la negativa a establecer una Tarifa Regional Diferenciada para las Provincias del Norte Grande\u201d, se abord\u00f3 la solicitud del BCRA a todos los Organismos de la Constituci\u00f3n, \u201cpara que remitan a trav\u00e9s de ADPRA, todos los casos de estafas virtuales que se hayan atendido, sin importar el estado de los mismos, ni si tuvieron resoluci\u00f3n favorable, a fin de poder establecerse cu\u00e1les son las modalidades que se utilizan y de esta manera, adoptar las medidas urgentes y efectivas para proteger a los usuarios financieros de la argentina\u201d, la problem\u00e1tica de las pensiones por discapacidad tambi\u00e9n fue objeto de an\u00e1lisis, toda vez que en las distintas jurisdicciones no se viene concretando con normalidad la entrega de las cartas documentos a los beneficiarios, lo que origina m\u00faltiples inconvenientes, concluy\u00e9ndose, que el modo y la forma en c\u00f3mo se est\u00e1n llevando adelante las auditor\u00edas m\u00e9dicas por la ANDIS posee como principio general el de dar de baja la mayor cantidad de pensiones.<\/p>\n<p>El Representante por la Defensor\u00eda del Pueblo de la Provincia de Formosa, Dr. Fernando Sosa, plante\u00f3 la necesidad de que se vuelva a exigir al Gobierno Nacional, m\u00e1s precisamente al Ministerio de Econom\u00eda para que se haga cargo de la reparaci\u00f3n, mantenimiento y construcci\u00f3n de las Rutas Nacionales que actualmente se encuentran en un estado calamitoso y entre las opciones se evalu\u00f3 la posibilidad de requerir, \u201cel traspaso de las Rutas Nacionales a las Provincias, con sus correspondientes partidas presupuestarias\u201d, punto este que fue apoyado por todos los presentes a recordarse que las arterias nacionales son competencia exclusiva de la Administraci\u00f3n Nacional y que es \u00e9sta la que debe hacerse cargo de su mantenimiento, ya que en la mayor\u00eda de las mismas, el p\u00e9simo estado, sumado a la falta de desmalezamiento, iluminaci\u00f3n y otras obras complementarias, vienen originando permanentemente una situaci\u00f3n de peligrosidad para quienes las transitan, adem\u00e1s de producir un aumento hist\u00f3rico de siniestros viales, en trazas como la Ruta Nacional N\u00ba 11 que atraviesa a lo largo de 980 kil\u00f3metros a las Provincias de Formosa, Chaco y Santa Fe.<\/p>\n","protected":false},"excerpt":{"rendered":"<p>-Se plante\u00f3 adem\u00e1s la opci\u00f3n de traspaso de las Rutas Nacionales a las Provincias, pero con las partidas presupuestarias necesarias que permitan que las mismas sean transitables y seguras-<\/p>\n","protected":false},"author":1,"featured_media":16105,"comment_status":"closed","ping_status":"closed","sticky":false,"template":"","format":"standard","meta":{"footnotes":""},"categories":[1],"tags":[],"class_list":["post-16104","post","type-post","status-publish","format-standard","has-post-thumbnail","hentry","category-noticias"],"_links":{"self":[{"href":"https:\/\/defensoriaformosa.gob.ar\/index.php?rest_route=\/wp\/v2\/posts\/16104","targetHints":{"allow":["GET"]}}],"collection":[{"href":"https:\/\/defensoriaformosa.gob.ar\/index.php?rest_route=\/wp\/v2\/posts"}],"about":[{"href":"https:\/\/defensoriaformosa.gob.ar\/index.php?rest_route=\/wp\/v2\/types\/post"}],"author":[{"embeddable":true,"href":"https:\/\/defensoriaformosa.gob.ar\/index.php?rest_route=\/wp\/v2\/users\/1"}],"replies":[{"embeddable":true,"href":"https:\/\/defensoriaformosa.gob.ar\/index.php?rest_route=%2Fwp%2Fv2%2Fcomments&post=16104"}],"version-history":[{"count":1,"href":"https:\/\/defensoriaformosa.gob.ar\/index.php?rest_route=\/wp\/v2\/posts\/16104\/revisions"}],"predecessor-version":[{"id":16106,"href":"https:\/\/defensoriaformosa.gob.ar\/index.php?rest_route=\/wp\/v2\/posts\/16104\/revisions\/16106"}],"wp:featuredmedia":[{"embeddable":true,"href":"https:\/\/defensoriaformosa.gob.ar\/index.php?rest_route=\/wp\/v2\/media\/16105"}],"wp:attachment":[{"href":"https:\/\/defensoriaformosa.gob.ar\/index.php?rest_route=%2Fwp%2Fv2%2Fmedia&parent=16104"}],"wp:term":[{"taxonomy":"category","embeddable":true,"href":"https:\/\/defensoriaformosa.gob.ar\/index.php?rest_route=%2Fwp%2Fv2%2Fcategories&post=16104"},{"taxonomy":"post_tag","embeddable":true,"href":"https:\/\/defensoriaformosa.gob.ar\/index.php?rest_route=%2Fwp%2Fv2%2Ftags&post=16104"}],"curies":[{"name":"wp","href":"https:\/\/api.w.org\/{rel}","templated":true}]}}