{"id":16095,"date":"2025-03-25T10:35:44","date_gmt":"2025-03-25T13:35:44","guid":{"rendered":"https:\/\/defensoriaformosa.gob.ar\/?p=16095"},"modified":"2025-03-27T10:40:32","modified_gmt":"2025-03-27T13:40:32","slug":"los-salarios-en-argentina-no-solo-pierden-en-pesos-sino-tambien-en-dolares","status":"publish","type":"post","link":"https:\/\/defensoriaformosa.gob.ar\/?p=16095","title":{"rendered":"LOS SALARIOS EN ARGENTINA NO SOLO PIERDEN EN PESOS, SINO TAMBI\u00c9N EN D\u00d3LARES"},"content":{"rendered":"<p><strong>Desde la Defensor\u00eda del Pueblo de la Provincia de Formosa, se se\u00f1al\u00f3 que \u201clos salarios en la Argentina, actualmente pierden capacidad adquisitiva, tanto en pesos, como as\u00ed tambi\u00e9n en d\u00f3lares\u201d. Esta afirmaci\u00f3n, se funda en un informe del\u00a0Centro RA\u00a0de la Facultad de Ciencias Econ\u00f3micas de la\u00a0UBA cuya presidencia ejerce\u00a0Emiliano Yacobitti, donde se revel\u00f3 que el\u00a0salario m\u00ednimo\u00a0en Argentina, medido en d\u00f3lares, cay\u00f3 un\u00a033%\u00a0desde el inicio de la gesti\u00f3n de\u00a0Javier Milei, pasando de\u00a0413 d\u00f3lares\u00a0a\u00a0275 d\u00f3lares.<\/strong><\/p>\n<p><!--more--><\/p>\n<p>Esta ca\u00edda ha impactado directamente en el\u00a0poder adquisitivo\u00a0de los sectores m\u00e1s vulnerables, reduciendo la capacidad de compra de bienes esenciales y elevando el\u00a0costo de vida\u00a0en comparaci\u00f3n con otros pa\u00edses. Lejos de las afirmaciones del presidente argentino, asegurando que los salarios vuelan en d\u00f3lares, la\u00a0apreciaci\u00f3n del tipo de cambio real\u00a0en Argentina ha generado un desajuste entre el valor nominal del peso y su poder adquisitivo real. Seg\u00fan este informe, el esquema ha quitado competitividad a las\u00a0exportaciones, se ha transformado en un incentivo a las\u00a0importaciones\u00a0y redujo fuertemente el ingreso real de los sectores m\u00e1s vulnerables. A pesar de la\u00a0devaluaci\u00f3n inicial del 54%\u00a0implementada al inicio de la gesti\u00f3n, la\u00a0inflaci\u00f3n\u00a0y la\u00a0desregulaci\u00f3n de precios\u00a0revirtieron gran parte del ajuste, lo que ha llevado a una contracci\u00f3n del\u00a029%\u00a0en el tipo de cambio real entre enero de 2024 y enero de 2025.<\/p>\n<p>Por otra parte, se resalt\u00f3 las afirmaciones del economista y periodista Ezequiel Orlando, quien expres\u00f3 que la \u00faltima Dictadura Militar en Argentina multiplic\u00f3 la deuda externa, ocasionando que la pol\u00edtica econ\u00f3mica del pa\u00eds, quede condicionada durante d\u00e9cadas, \u201ctrazando un paralelismo entre los salarios de esa \u00e9poca y la ca\u00edda de los ingresos de los trabajadores actuales, apuntando que las pol\u00edticas econ\u00f3micas del presente, recuerdan las decisiones tomadas durante el pasado gobierno dictatorial\u201d. Destac\u00f3 que, en lo que va del gobierno de Javier Milei, los asalariados han transferido 31 billones de pesos a sus empleadores, agregando que las reservas internacionales del Banco Central contin\u00faan en n\u00fameros negativos, alcanzando los 10.600 millones de d\u00f3lares, por la cual la falta de liquidez y las bajas reservas explican la dependencia de la Argentina de d\u00f3lares provenientes del Fondo Monetario Internacional.<\/p>\n","protected":false},"excerpt":{"rendered":"<p>Desde la Defensor\u00eda del Pueblo de la Provincia de Formosa, se se\u00f1al\u00f3 que \u201clos salarios en la Argentina, actualmente pierden capacidad adquisitiva, tanto en pesos, como as\u00ed tambi\u00e9n en d\u00f3lares\u201d. Esta afirmaci\u00f3n, se funda en un informe del\u00a0Centro RA\u00a0de la Facultad de Ciencias Econ\u00f3micas de la\u00a0UBA cuya presidencia ejerce\u00a0Emiliano Yacobitti, donde se revel\u00f3 que el\u00a0salario [&hellip;]<\/p>\n","protected":false},"author":1,"featured_media":16096,"comment_status":"closed","ping_status":"closed","sticky":false,"template":"","format":"standard","meta":{"footnotes":""},"categories":[1],"tags":[],"class_list":["post-16095","post","type-post","status-publish","format-standard","has-post-thumbnail","hentry","category-noticias"],"_links":{"self":[{"href":"https:\/\/defensoriaformosa.gob.ar\/index.php?rest_route=\/wp\/v2\/posts\/16095","targetHints":{"allow":["GET"]}}],"collection":[{"href":"https:\/\/defensoriaformosa.gob.ar\/index.php?rest_route=\/wp\/v2\/posts"}],"about":[{"href":"https:\/\/defensoriaformosa.gob.ar\/index.php?rest_route=\/wp\/v2\/types\/post"}],"author":[{"embeddable":true,"href":"https:\/\/defensoriaformosa.gob.ar\/index.php?rest_route=\/wp\/v2\/users\/1"}],"replies":[{"embeddable":true,"href":"https:\/\/defensoriaformosa.gob.ar\/index.php?rest_route=%2Fwp%2Fv2%2Fcomments&post=16095"}],"version-history":[{"count":3,"href":"https:\/\/defensoriaformosa.gob.ar\/index.php?rest_route=\/wp\/v2\/posts\/16095\/revisions"}],"predecessor-version":[{"id":16099,"href":"https:\/\/defensoriaformosa.gob.ar\/index.php?rest_route=\/wp\/v2\/posts\/16095\/revisions\/16099"}],"wp:featuredmedia":[{"embeddable":true,"href":"https:\/\/defensoriaformosa.gob.ar\/index.php?rest_route=\/wp\/v2\/media\/16096"}],"wp:attachment":[{"href":"https:\/\/defensoriaformosa.gob.ar\/index.php?rest_route=%2Fwp%2Fv2%2Fmedia&parent=16095"}],"wp:term":[{"taxonomy":"category","embeddable":true,"href":"https:\/\/defensoriaformosa.gob.ar\/index.php?rest_route=%2Fwp%2Fv2%2Fcategories&post=16095"},{"taxonomy":"post_tag","embeddable":true,"href":"https:\/\/defensoriaformosa.gob.ar\/index.php?rest_route=%2Fwp%2Fv2%2Ftags&post=16095"}],"curies":[{"name":"wp","href":"https:\/\/api.w.org\/{rel}","templated":true}]}}