{"id":16089,"date":"2025-03-20T17:23:03","date_gmt":"2025-03-20T20:23:03","guid":{"rendered":"https:\/\/defensoriaformosa.gob.ar\/?p=16089"},"modified":"2025-03-20T17:23:03","modified_gmt":"2025-03-20T20:23:03","slug":"con-la-excusa-de-las-auditorias-realizaran-fuertes-recortes-en-discapacidad","status":"publish","type":"post","link":"https:\/\/defensoriaformosa.gob.ar\/?p=16089","title":{"rendered":"CON LA EXCUSA DE LAS AUDITOR\u00cdAS REALIZAR\u00c1N FUERTES RECORTES EN DISCAPACIDAD"},"content":{"rendered":"<p><strong>&#8211; La ANDIS calcula en $900.000 millones el ajuste que har\u00e1 en las Pensiones por Invalidez-<\/strong><\/p>\n<p><!--more--><\/p>\n<p>Desde la Direcci\u00f3n de Discapacidad de la Defensor\u00eda del Pueblo de la Provincia de Formosa, se denunci\u00f3 que funcionarios o representantes del Gobierno de Javier Milei en Formosa, junto a sectores pol\u00edticos diversos, \u201cles est\u00e1n mintiendo en la cara, a miles de pensionados, dici\u00e9ndoles que las Auditor\u00edas M\u00e9dicas que lleva adelante la ANDIS, estar\u00edan siendo obstaculizada por el Estado Provincial\u201d, cuando en realidad, en los hechos, sucede todo lo contrario, son justamente, numerosas Instituciones provinciales y municipales, las que vienen desde el a\u00f1o 2024 hasta el presente, auxiliando y asesorando a los hasta ahora beneficiarios que, deben enfrentar de manera urgente, la necesidad de recopilar estudios m\u00e9dicos e historias cl\u00ednicas entre otros tr\u00e1mites para no perder $270.000 que est\u00e1n cobrando como \u00fanicos ingresos, con el agravante que, \u201clos referidos funcionarios designados por el gobierno nacional y otros, pretenden que vayan a abonar a un profesional privado para que les reitere todos esos estudios que exige la ANDIS a partir de la nueva Resoluci\u00f3n 187\/25\u201d, desconociendo la realidad en la cual vivimos.<\/p>\n<p>El Ombudsman Provincial Dr. Jos\u00e9 Leonardo Gialluca, reiter\u00f3 la recomendaci\u00f3n a todos aquellos que hayan recibido las Cartas Documentos que se presenten al turno asignado de cualquier forma, con sus estudios o no, donde deben exigir que los Organismos Nacionales con asiento en Formosa, se hagan cargo de los estudios m\u00e9dicos, como as\u00ed tambi\u00e9n de que la persona que atiende en la ANDIS -Formosa-, les justifique incomparecencias y reenv\u00ede todos los antecedentes documentados a Buenos Aires, \u201cpues si la exigencia est\u00e1 firmada por su Director Ejecutivo, el Dr. Diego Spagnuolo, es l\u00f3gico que sus dependientes en Formosa, colaboren activamente con la gente\u201d y adem\u00e1s al haberse comprometido con el Secretario de Trabajo, Empleo y Seguridad Social del Ministerio de Capital Humano, Julio Cordero, de trabajar conjuntamente en la promoci\u00f3n de la inclusi\u00f3n laboral de las personas con discapacidad, no les suelten la mano en estos momentos, donde lo que reina, es una gran incertidumbre y malestar entre los pensionados originados por el Estado Nacional, record\u00e1ndose que, el ex abogado personal del Presidente Javier Milei, hoy al frente de Discapacidad, \u201cmaneja una caja de m\u00e1s 1 bill\u00f3n de pesos y por ello es que sostenemos que es el propio Gobierno Nacional, quien debe hacerse cargo de esta grav\u00edsima situaci\u00f3n\u201d.<\/p>\n<p>El funcionario provincial, se\u00f1al\u00f3 que el lenguaje t\u00e9cnico empleado en las Cartas Documento, no es comprendido por la mayor\u00eda de sus destinatarios y eso se transforma en una barrera inevitable, tanto para los pensionados, como para los profesionales m\u00e9dicos, pues nadie sabe cu\u00e1les ser\u00e1n los par\u00e1metros o las tablas de incapacidad laboral que se aplicar\u00e1n. Por ello, Gialluca apunt\u00f3, a que no se trata solamente al acceso a una pensi\u00f3n, sino el acceso al sistema de prestaciones, toda vez que los titulares de pensiones concurren a efectores p\u00fablicos, financiados con fondos provinciales y que por esta auditor\u00eda, se est\u00e1 perjudicando a toda nuestra comunidad y es aqu\u00ed donde el Gobierno Nacional tiene los fondos para contratar los profesionales id\u00f3neos que lleven adelante esta tarea, \u201cque institucionalmente acompa\u00f1amos, pero cada uno debe hacerse responsable de lo que le corresponde y no estar usando o enga\u00f1ando a las personas, porque deben darse cuenta que miles no van a asistir a las auditor\u00edas, porque no saben lo que les est\u00e1n pidiendo y otras no comprenden el proceso, debi\u00e9ndose contemplar que otros grupos se mudaron o tienen domicilios desactualizados y que ni siquiera se van a enterar de las exigencias actuales de la ANDIS, lo que causar\u00e1 la p\u00e9rdida de sus beneficios. Por lo que, de existir bajas masivas evaluamos iniciar acciones legales colectivas a la manera en que se hizo en el gobierno de Mauricio Macri, en el cual se eliminaron m\u00e1s de 200 mil pensiones.\u201d<\/p>\n","protected":false},"excerpt":{"rendered":"<p>&#8211; La ANDIS calcula en $900.000 millones el ajuste que har\u00e1 en las Pensiones por Invalidez-<\/p>\n","protected":false},"author":1,"featured_media":16090,"comment_status":"closed","ping_status":"closed","sticky":false,"template":"","format":"standard","meta":{"footnotes":""},"categories":[1],"tags":[],"class_list":["post-16089","post","type-post","status-publish","format-standard","has-post-thumbnail","hentry","category-noticias"],"_links":{"self":[{"href":"https:\/\/defensoriaformosa.gob.ar\/index.php?rest_route=\/wp\/v2\/posts\/16089","targetHints":{"allow":["GET"]}}],"collection":[{"href":"https:\/\/defensoriaformosa.gob.ar\/index.php?rest_route=\/wp\/v2\/posts"}],"about":[{"href":"https:\/\/defensoriaformosa.gob.ar\/index.php?rest_route=\/wp\/v2\/types\/post"}],"author":[{"embeddable":true,"href":"https:\/\/defensoriaformosa.gob.ar\/index.php?rest_route=\/wp\/v2\/users\/1"}],"replies":[{"embeddable":true,"href":"https:\/\/defensoriaformosa.gob.ar\/index.php?rest_route=%2Fwp%2Fv2%2Fcomments&post=16089"}],"version-history":[{"count":1,"href":"https:\/\/defensoriaformosa.gob.ar\/index.php?rest_route=\/wp\/v2\/posts\/16089\/revisions"}],"predecessor-version":[{"id":16091,"href":"https:\/\/defensoriaformosa.gob.ar\/index.php?rest_route=\/wp\/v2\/posts\/16089\/revisions\/16091"}],"wp:featuredmedia":[{"embeddable":true,"href":"https:\/\/defensoriaformosa.gob.ar\/index.php?rest_route=\/wp\/v2\/media\/16090"}],"wp:attachment":[{"href":"https:\/\/defensoriaformosa.gob.ar\/index.php?rest_route=%2Fwp%2Fv2%2Fmedia&parent=16089"}],"wp:term":[{"taxonomy":"category","embeddable":true,"href":"https:\/\/defensoriaformosa.gob.ar\/index.php?rest_route=%2Fwp%2Fv2%2Fcategories&post=16089"},{"taxonomy":"post_tag","embeddable":true,"href":"https:\/\/defensoriaformosa.gob.ar\/index.php?rest_route=%2Fwp%2Fv2%2Ftags&post=16089"}],"curies":[{"name":"wp","href":"https:\/\/api.w.org\/{rel}","templated":true}]}}