{"id":16078,"date":"2025-03-17T19:56:53","date_gmt":"2025-03-17T22:56:53","guid":{"rendered":"https:\/\/defensoriaformosa.gob.ar\/?p=16078"},"modified":"2025-03-17T19:56:53","modified_gmt":"2025-03-17T22:56:53","slug":"la-andis-ordeno-que-los-beneficiarios-de-pnc-sean-auditados-en-cada-una-de-las-localidades-en-que-residen","status":"publish","type":"post","link":"https:\/\/defensoriaformosa.gob.ar\/?p=16078","title":{"rendered":"LA ANDIS ORDEN\u00d3 QUE LOS BENEFICIARIOS DE PNC SEAN AUDITADOS EN CADA UNA DE LAS LOCALIDADES EN QUE RESIDEN"},"content":{"rendered":"<p><strong>-Este cambio de modalidad se inici\u00f3 en la Provincia del Chaco, por lo que se esperan similares instrucciones para nuestra jurisdicci\u00f3n, de manera tal que los Auditores vayan a los lugares donde residen los beneficiarios, para que la gente pueda presentarse a los controles que solicita la ANDIS-<\/strong><\/p>\n<p><!--more--><\/p>\n<p>En el d\u00eda de la fecha, en la localidad de Moj\u00f3n de Fierro, en las instalaciones del Comedor Comunitario San Cayetano, un grupo de Asesores Letrados de la Defensor\u00eda del Pueblo de la Provincia de Formosa, continu\u00f3 su asesoramientos t\u00e9cnico administrativos, a los beneficiarios de Pensiones No Contributivas por Invalidez Laboral, algunos de los cuales, han recibido Cartas Documento de la ANDIS (Agencia Nacional de Discapacidad), atendi\u00e9ndose a m\u00e1s de sesenta personas, tareas que continuar\u00e1n en la Sede del Organismo y el pr\u00f3ximo mi\u00e9rcoles 19 en el B\u00ba Lote 111 en el Centro de Inclusi\u00f3n Digital. En este contexto, el Ombudsman Provincial Dr. Jos\u00e9 Leonardo Gialluca, \u201cdio a conocer que la propia ANDIS, viene suspendiendo la modalidad de las Auditor\u00edas de Pensiones, en varias localidades de la Provincia del Chaco\u201d, entre las que se encuentran El Espinillo, El Sauzalito, Miraflores y Misi\u00f3n Nueva Pompeya, anunci\u00e1ndose que ser\u00e1n los Auditores, esto es los m\u00e9dicos del PAMI, los que se acercar\u00e1n a cada una de las localidades, para facilitar los tr\u00e1mites a los ciudadanos.<\/p>\n<p>El funcionario provincial, se\u00f1al\u00f3 que en nuestra provincia, la irregularidad en las notificaciones de las Cartas Documento por parte de la empresa Urbano Express S.A. -Sucursal Formosa- quien viene dejando estos instrumentos en lugares p\u00fablicos, medios de comunicaci\u00f3n o personas f\u00edsicas privadas, que no poseen ninguna relaci\u00f3n contractual con la firma, a lo que se le suma la defectuosa implementaci\u00f3n de las Auditor\u00edas por el Ministerio de Salud de Naci\u00f3n y la ANDIS, \u201cexigi\u00e9ndoles\u00a0 a las personas que residen en una localidad, la obligaci\u00f3n de tener que trasladarse,\u00a0 necesariamente a otras m\u00e1s alejadas, lo que implica en la mayor\u00eda de los casos, imposibilidades y gastos que no pueden solventar\u201d,\u00a0 confirma que el cambio de modalidad llevado adelante en la provincia del Chaco, es lo que se debe hacer tambi\u00e9n en Formosa, con el objetivo de que, estas Auditor\u00edas esclarezcan y determinen verdaderamente si se trata de personas que poseen algunas dificultad f\u00edsica o de salud. En este sentido, se adelant\u00f3 que se viene llevando adelante trabajos coordinados con los Municipios, Comisiones de Fomento y el Ministerio de Desarrollo Humano, de manera tal que, cada beneficiario tenga la oportunidad de presentar en tiempo y forma, estudios m\u00e9dicos, e historias cl\u00ednicas que luego ser\u00e1n debidamente evaluados, por lo que se llev\u00f3\u00a0 tranquilidad a todos los interesados, ya que en el caso de encontrarse imposibilitado de comparecer en un primer momento, siempre tendr\u00e1n la alternativa de justificar su inasistencia al correo electr\u00f3nico <a href=\"mailto:inasistenciapnc@andis.gob.ar\">inasistenciapnc@andis.gob.ar<\/a>, adjuntando un certificado m\u00e9dico que acredite la incomparecencia, m\u00e1s copia de su D.N.I. Por otra parte, desde el Organismo de la Constituci\u00f3n, se esperan nuevas y urgentes directivas de la ANDIS, \u201cde modo tal que estas Auditor\u00edas no se conviertan en una caza de brujas, sino en un procedimiento que ponga orden y permita a los Pensionados Por Discapacidad presentar sus antecedentes m\u00e9dicos\u201d, con lo cual, quienes no puedan acreditar una incapacidad laboral igual o superior al 66%, mediante un CMO -Certificado M\u00e9dico Oficial- , podr\u00edan perder este beneficio, record\u00e1ndose adem\u00e1s que conforme a la Resoluci\u00f3n 187\/25 publicada en el BO, se implementaron nuevos requisitos obligatorios para todos los beneficiarios de la Pensi\u00f3n No Contributivas por Invalidez, especific\u00e1ndose que sus titulares deben ser, argentino nativo o naturalizado y residir en el pa\u00eds, en tanto los extranjeros deben demostrar una residencia m\u00ednima de 10 a\u00f1os en Argentina o en caso de menores de edad, sus padres deben haber residido al menos 3 a\u00f1os.<\/p>\n<p>Es por ello que, \u201clo que estamos exigiendo al Ministerio de Salud de Naci\u00f3n y a la ANDIS, es que se comprometan a llevar adelante un sistema de evaluaci\u00f3n justo, transparente y basado en criterios m\u00e9dicos, como as\u00ed tambi\u00e9n, en un an\u00e1lisis integral de la situaci\u00f3n socioecon\u00f3mica de las personas, que garantice que, las pensiones no contributivas por invalidez laboral sean otorgadas a quienes realmente las necesitan\u201d.<\/p>\n","protected":false},"excerpt":{"rendered":"<p>-Este cambio de modalidad se inici\u00f3 en la Provincia del Chaco, por lo que se esperan similares instrucciones para nuestra jurisdicci\u00f3n, de manera tal que los Auditores vayan a los lugares donde residen los beneficiarios, para que la gente pueda presentarse a los controles que solicita la ANDIS-<\/p>\n","protected":false},"author":1,"featured_media":16079,"comment_status":"closed","ping_status":"closed","sticky":false,"template":"","format":"standard","meta":{"footnotes":""},"categories":[1],"tags":[],"class_list":["post-16078","post","type-post","status-publish","format-standard","has-post-thumbnail","hentry","category-noticias"],"_links":{"self":[{"href":"https:\/\/defensoriaformosa.gob.ar\/index.php?rest_route=\/wp\/v2\/posts\/16078","targetHints":{"allow":["GET"]}}],"collection":[{"href":"https:\/\/defensoriaformosa.gob.ar\/index.php?rest_route=\/wp\/v2\/posts"}],"about":[{"href":"https:\/\/defensoriaformosa.gob.ar\/index.php?rest_route=\/wp\/v2\/types\/post"}],"author":[{"embeddable":true,"href":"https:\/\/defensoriaformosa.gob.ar\/index.php?rest_route=\/wp\/v2\/users\/1"}],"replies":[{"embeddable":true,"href":"https:\/\/defensoriaformosa.gob.ar\/index.php?rest_route=%2Fwp%2Fv2%2Fcomments&post=16078"}],"version-history":[{"count":1,"href":"https:\/\/defensoriaformosa.gob.ar\/index.php?rest_route=\/wp\/v2\/posts\/16078\/revisions"}],"predecessor-version":[{"id":16080,"href":"https:\/\/defensoriaformosa.gob.ar\/index.php?rest_route=\/wp\/v2\/posts\/16078\/revisions\/16080"}],"wp:featuredmedia":[{"embeddable":true,"href":"https:\/\/defensoriaformosa.gob.ar\/index.php?rest_route=\/wp\/v2\/media\/16079"}],"wp:attachment":[{"href":"https:\/\/defensoriaformosa.gob.ar\/index.php?rest_route=%2Fwp%2Fv2%2Fmedia&parent=16078"}],"wp:term":[{"taxonomy":"category","embeddable":true,"href":"https:\/\/defensoriaformosa.gob.ar\/index.php?rest_route=%2Fwp%2Fv2%2Fcategories&post=16078"},{"taxonomy":"post_tag","embeddable":true,"href":"https:\/\/defensoriaformosa.gob.ar\/index.php?rest_route=%2Fwp%2Fv2%2Ftags&post=16078"}],"curies":[{"name":"wp","href":"https:\/\/api.w.org\/{rel}","templated":true}]}}