{"id":16072,"date":"2025-03-13T01:27:12","date_gmt":"2025-03-13T04:27:12","guid":{"rendered":"https:\/\/defensoriaformosa.gob.ar\/?p=16072"},"modified":"2025-03-14T01:29:12","modified_gmt":"2025-03-14T04:29:12","slug":"en-el-marco-de-las-auditorias-medicas-se-intimo-a-la-empresa-urbano-express-y-a-la-andis-a-que-cumplan-con-lo-establecido-por-el-cpccn","status":"publish","type":"post","link":"https:\/\/defensoriaformosa.gob.ar\/?p=16072","title":{"rendered":"EN EL MARCO DE LAS AUDITORIAS MEDICAS SE INTIMO A LA EMPRESA URBANO EXPRESS Y A LA ANDIS A QUE CUMPLAN CON LO ESTABLECIDO POR EL CPCCN"},"content":{"rendered":"<p><strong>-La falta de informaci\u00f3n y asesoramiento de la ANDIS, viene originando grav\u00edsimas incertidumbres, por lo cual, se otorg\u00f3 un plazo de 72 horas para que los beneficiarios de pensiones sean notificados fehacientemente, bajo apercibimiento de iniciarse las acciones civiles y penales correspondientes-<\/strong><\/p>\n<p><!--more--><\/p>\n<p>En la Sede del Municipio de la Localidad de Mayor Edmundo Villafa\u00f1e, un grupo de Asesores Letrados de la Defensor\u00eda del Pueblo de la Provincia de Formosa, atendieron a m\u00e1s de 600 personas, que fueron notificadas, irregularmente por la Empresa Urbano Express Argentina S.A. Sede Formosa y las cuales deber\u00e1n presentarse desde el 18 de marzo hasta el 8 de abril, en un Consultorio Privado ubicado en calle P\u00e9rez Martinotti N\u00ba 967 de la Localidad de Palo Santo, en diferentes horarios, llegando algunos hasta las 23:00 horas, seg\u00fan se pudo corroborar. Ante esta situaci\u00f3n, desde el Organismo de la Constituci\u00f3n, se denunci\u00f3 formalmente estas anormalidades al Titular de la ANDIS y al Ministro de Salud de Naci\u00f3n, a quienes se les solicit\u00f3 que, \u201cordenen a la empresa privada contratada en nuestra provincia, a hacer entrega de las Cartas Documentos en los domicilios reales de los beneficiarios de pensiones, para cumplir de esta manera, con los requisitos que se exige en las auditorias m\u00e9dicas\u201d, y en consecuencia, se fijen nuevos plazos y t\u00e9rminos, para que los involucrados tengan el tiempo materialmente suficiente, para presentar la documentaci\u00f3n m\u00e9dica respaldatoria, donde deber\u00e1 indicarse la patolog\u00eda y grados de incapacidad que comprueben la misma.<\/p>\n<p>El Ombudsman Provincial, Dr. Jos\u00e9 Leonardo Gialluca, Inst\u00f3 de esta manera, tanto a los Responsables de Urbano Express en Argentina, Marcelo Wirth, en su car\u00e1cter de Presidente, y Marcelo Mattio, Vicepresidente, como as\u00ed tambi\u00e9n, a la Gerente del \u00c1rea de Legales, Claudia Couronne, \u201ca que cumplan con las notificaciones fehacientes de las Cartas Documentos firmadas por el Titular de la ANDIS, Dr. Diego Spagnuolo, en un plazo de 72 horas, dando cumplimiento de esta forma a lo establecido en el art. 136 del CPCCN, bajo apercibimiento de iniciarse las acciones civiles y penales correspondientes\u201d.<\/p>\n<p>Es que, en los hechos, la falta de informaci\u00f3n y asesoramiento de la ANDIS, viene originando grav\u00edsimas incertidumbres en las personas que deben y desean cumplir con esta auditoria m\u00e9dica, sin embargo, en la pr\u00e1ctica, diversos medios de comunicaci\u00f3n, dejan trascender informaciones falsas, entre las que se encuentran que, los beneficiarios de pensiones de Villafa\u00f1e, deber\u00edan acudir el 24 de marzo a la Localidad de Palo Santo, siendo entonces indispensable, que las Autoridades Nacionales Competentes y sus Responsables en nuestra Provincia, transparenten y asesoren debidamente a todos los interesados. Por otro lado, a\u00f1adi\u00f3 el Funcionario Provincial que, la mayor\u00eda de los pensionados cuentan con un CMO (Certificado M\u00e9dico Oficial), donde se encuentra descripta, la informaci\u00f3n del estado de salud de la persona, informando adem\u00e1s, que el Gobierno Nacional aplic\u00f3 cambios en la tramitaci\u00f3n de las Pensiones No Contributivas (PNC), seg\u00fan lo establecido por la Resoluci\u00f3n N\u00ba 1925\/2024, publicada en el B.O., por lo que, la ANSES recibir\u00e1 el Certificado M\u00e9dico Oficial (CMO) en formato papel hasta el 31 de marzo de 2025, buscando as\u00ed digitalizar toda la documentaci\u00f3n pedida para estas gestiones, es por ello que, a todos los pensionados asesorados por el Organismo de la Constituci\u00f3n, se les sugiere tambi\u00e9n, la confecci\u00f3n de historias cl\u00ednicas actualizadas, m\u00e1s otros antecedentes, que deber\u00e1n ser presentados, al momento de ser citados por la ANDIS.<\/p>\n","protected":false},"excerpt":{"rendered":"<p>-La falta de informaci\u00f3n y asesoramiento de la ANDIS, viene originando grav\u00edsimas incertidumbres, por lo cual, se otorg\u00f3 un plazo de 72 horas para que los beneficiarios de pensiones sean notificados fehacientemente, bajo apercibimiento de iniciarse las acciones civiles y penales correspondientes-<\/p>\n","protected":false},"author":1,"featured_media":16073,"comment_status":"closed","ping_status":"closed","sticky":false,"template":"","format":"standard","meta":{"footnotes":""},"categories":[1],"tags":[],"class_list":["post-16072","post","type-post","status-publish","format-standard","has-post-thumbnail","hentry","category-noticias"],"_links":{"self":[{"href":"https:\/\/defensoriaformosa.gob.ar\/index.php?rest_route=\/wp\/v2\/posts\/16072","targetHints":{"allow":["GET"]}}],"collection":[{"href":"https:\/\/defensoriaformosa.gob.ar\/index.php?rest_route=\/wp\/v2\/posts"}],"about":[{"href":"https:\/\/defensoriaformosa.gob.ar\/index.php?rest_route=\/wp\/v2\/types\/post"}],"author":[{"embeddable":true,"href":"https:\/\/defensoriaformosa.gob.ar\/index.php?rest_route=\/wp\/v2\/users\/1"}],"replies":[{"embeddable":true,"href":"https:\/\/defensoriaformosa.gob.ar\/index.php?rest_route=%2Fwp%2Fv2%2Fcomments&post=16072"}],"version-history":[{"count":1,"href":"https:\/\/defensoriaformosa.gob.ar\/index.php?rest_route=\/wp\/v2\/posts\/16072\/revisions"}],"predecessor-version":[{"id":16074,"href":"https:\/\/defensoriaformosa.gob.ar\/index.php?rest_route=\/wp\/v2\/posts\/16072\/revisions\/16074"}],"wp:featuredmedia":[{"embeddable":true,"href":"https:\/\/defensoriaformosa.gob.ar\/index.php?rest_route=\/wp\/v2\/media\/16073"}],"wp:attachment":[{"href":"https:\/\/defensoriaformosa.gob.ar\/index.php?rest_route=%2Fwp%2Fv2%2Fmedia&parent=16072"}],"wp:term":[{"taxonomy":"category","embeddable":true,"href":"https:\/\/defensoriaformosa.gob.ar\/index.php?rest_route=%2Fwp%2Fv2%2Fcategories&post=16072"},{"taxonomy":"post_tag","embeddable":true,"href":"https:\/\/defensoriaformosa.gob.ar\/index.php?rest_route=%2Fwp%2Fv2%2Ftags&post=16072"}],"curies":[{"name":"wp","href":"https:\/\/api.w.org\/{rel}","templated":true}]}}