{"id":16066,"date":"2025-03-11T12:42:12","date_gmt":"2025-03-11T15:42:12","guid":{"rendered":"https:\/\/defensoriaformosa.gob.ar\/?p=16066"},"modified":"2025-03-12T12:44:41","modified_gmt":"2025-03-12T15:44:41","slug":"el-gobierno-nacional-anula-todos-los-contratos-de-reparacion-y-construccion-de-rutas-nacionales","status":"publish","type":"post","link":"https:\/\/defensoriaformosa.gob.ar\/?p=16066","title":{"rendered":"EL GOBIERNO NACIONAL ANULA TODOS LOS CONTRATOS DE REPARACION Y CONSTRUCCION DE RUTAS NACIONALES"},"content":{"rendered":"<p><strong>-Se decidi\u00f3 suspender, adem\u00e1s, los servicios de mantenimiento, iluminaci\u00f3n y banquinas, \u201clo que coloca a los Funcionarios de los Distritos, con altas posibilidades de ser demandados penalmente, frente a siniestros viales y v\u00edctimas fatales\u201d. Esto sucede despu\u00e9s que, en el 2024 no se reparara tramo alguno de Rutas Nacionales, anunci\u00e1ndose que se entregar\u00edan las mismas, a Concesionarias Privadas, pero las licitaciones, hasta el d\u00eda de la fecha se siguen demorando y, en consecuencia, los usuarios y el transporte de carga sufren graves perjuicios econ\u00f3micos y aumenta el n\u00famero de p\u00e9rdidas de vidas en accidentes viales-<\/strong><\/p>\n<p><!--more--><\/p>\n<p>Desde la Defensor\u00eda del Pueblo de la Provincia de Formosa, se solicit\u00f3 formalmente tanto al Administrador General de Vialidad Nacional, Ing. Marcelo Jorge Campoy, como al Secretario de Transporte, Dr. Franco Mogetta y al Ministro de Econom\u00eda Luis A. Caputo, \u201cinformen los motivos y causas sobre la paralizaci\u00f3n de obras y el mantenimiento de las Rutas Nacionales en todas las Provincias, haci\u00e9ndose hincapi\u00e9, especialmente en aquellas que, surcan el territorio de Formosa\u201d. En el requerimiento, se peticion\u00f3 que Vialidad Nacional se\u00f1ale entonces, cu\u00e1les son las alternativas reales e inmediatas que pondr\u00e1 en pr\u00e1ctica, para el mantenimiento y reconstrucci\u00f3n de las destruidas Rutas Nacionales, reclamo este que data desde el a\u00f1o pasado. El Ombudsman Provincial, Dr. Jos\u00e9 Leonardo Gialluca, se\u00f1al\u00f3 que, la Direcci\u00f3n Nacional de Vialidad inform\u00f3 a las provincias, la paralizaci\u00f3n de todas las obras viales que se encuentran en ejecuci\u00f3n cualquiera sea su estado de avance, junto con el mantenimiento de las mismas. Esto se concret\u00f3 a trav\u00e9s del Titular de Vialidad Nacional, Marcelo Campoy, quien remiti\u00f3 una nota donde ordena dar de baja todos los contratos de obras que el organismo tiene en curso en el pa\u00eds.<\/p>\n<p>El Funcionario Nacional se\u00f1al\u00f3 en la comunicaci\u00f3n que se deben \u201carbitrar los medios para proceder al cierre de los contratos de obra p\u00fablica bajo cualquier sistema de gesti\u00f3n, ya sea que se encuentren en las rutas a privatizar, como as\u00ed tambi\u00e9n aquellos que hayan sido celebrados por obras fuera de la Red Vial Concesionada\u201d, y agrega que debido al contexto econ\u00f3mico \u201cse hace necesaria la finalizaci\u00f3n y cierre de las obras en las cuales se torna inviable su ejecuci\u00f3n\u201d. Asimismo, orden\u00f3 dar de baja todos los contratos cualquiera sea la modalidad, ya sea \u201cpor terminaci\u00f3n de obra, limitaci\u00f3n y\/o rescisi\u00f3n de mutuo acuerdo\u201d.<\/p>\n<p>En este contexto, Gialluca denunci\u00f3 que, con esta decisi\u00f3n, las ya muy deterioradas rutas nacionales agravar\u00e1n su deterioro al punto de volverse intransitables, con las consecuencias de mayores siniestros viales, como as\u00ed tambi\u00e9n, acarrear\u00e1 como resultado, la paralizaci\u00f3n por completo del funcionamiento que Vialidad Nacional tiene en todo el Pa\u00eds. De esta manera, rechazamos todas estas medidas impulsadas desde el Gobierno Nacional que forman parte del plan de ajuste en Vialidad Nacional que lleva adelante el Ministro de Desregulaci\u00f3n y Transformaci\u00f3n del Estado, Federico Sturzenegger, quien pretende hasta derogar la Ley N\u00ba 505\/58 que define a ese Organismo como una entidad aut\u00e1rquica de derecho p\u00fablico y con personalidad para actuar privada y p\u00fablicamente.<\/p>\n","protected":false},"excerpt":{"rendered":"<p>-Se decidi\u00f3 suspender, adem\u00e1s, los servicios de mantenimiento, iluminaci\u00f3n y banquinas, \u201clo que coloca a los Funcionarios de los Distritos, con altas posibilidades de ser demandados penalmente, frente a siniestros viales y v\u00edctimas fatales\u201d. Esto sucede despu\u00e9s que, en el 2024 no se reparara tramo alguno de Rutas Nacionales, anunci\u00e1ndose que se entregar\u00edan las mismas, [&hellip;]<\/p>\n","protected":false},"author":1,"featured_media":16067,"comment_status":"closed","ping_status":"closed","sticky":false,"template":"","format":"standard","meta":{"footnotes":""},"categories":[1],"tags":[],"class_list":["post-16066","post","type-post","status-publish","format-standard","has-post-thumbnail","hentry","category-noticias"],"_links":{"self":[{"href":"https:\/\/defensoriaformosa.gob.ar\/index.php?rest_route=\/wp\/v2\/posts\/16066","targetHints":{"allow":["GET"]}}],"collection":[{"href":"https:\/\/defensoriaformosa.gob.ar\/index.php?rest_route=\/wp\/v2\/posts"}],"about":[{"href":"https:\/\/defensoriaformosa.gob.ar\/index.php?rest_route=\/wp\/v2\/types\/post"}],"author":[{"embeddable":true,"href":"https:\/\/defensoriaformosa.gob.ar\/index.php?rest_route=\/wp\/v2\/users\/1"}],"replies":[{"embeddable":true,"href":"https:\/\/defensoriaformosa.gob.ar\/index.php?rest_route=%2Fwp%2Fv2%2Fcomments&post=16066"}],"version-history":[{"count":1,"href":"https:\/\/defensoriaformosa.gob.ar\/index.php?rest_route=\/wp\/v2\/posts\/16066\/revisions"}],"predecessor-version":[{"id":16068,"href":"https:\/\/defensoriaformosa.gob.ar\/index.php?rest_route=\/wp\/v2\/posts\/16066\/revisions\/16068"}],"wp:featuredmedia":[{"embeddable":true,"href":"https:\/\/defensoriaformosa.gob.ar\/index.php?rest_route=\/wp\/v2\/media\/16067"}],"wp:attachment":[{"href":"https:\/\/defensoriaformosa.gob.ar\/index.php?rest_route=%2Fwp%2Fv2%2Fmedia&parent=16066"}],"wp:term":[{"taxonomy":"category","embeddable":true,"href":"https:\/\/defensoriaformosa.gob.ar\/index.php?rest_route=%2Fwp%2Fv2%2Fcategories&post=16066"},{"taxonomy":"post_tag","embeddable":true,"href":"https:\/\/defensoriaformosa.gob.ar\/index.php?rest_route=%2Fwp%2Fv2%2Ftags&post=16066"}],"curies":[{"name":"wp","href":"https:\/\/api.w.org\/{rel}","templated":true}]}}