{"id":16052,"date":"2025-03-06T19:25:01","date_gmt":"2025-03-06T22:25:01","guid":{"rendered":"https:\/\/defensoriaformosa.gob.ar\/?p=16052"},"modified":"2025-03-06T19:25:01","modified_gmt":"2025-03-06T22:25:01","slug":"se-solicito-a-la-andis-suspenda-las-notificaciones-a-personas-con-pensiones-por-discapacidad","status":"publish","type":"post","link":"https:\/\/defensoriaformosa.gob.ar\/?p=16052","title":{"rendered":"SE SOLICITO A LA ANDIS SUSPENDA LAS NOTIFICACIONES A PERSONAS CON PENSIONES POR DISCAPACIDAD"},"content":{"rendered":"<p><strong>&#8211; El requerimiento se fundament\u00f3 en las grav\u00edsimas irregularidades detectadas al momento de la notificaci\u00f3n de las Carta Documentos, enviadas por la ANDIS, habi\u00e9ndose descubierto, adem\u00e1s, en nuestra Provincia, que medios de comunicaci\u00f3n radiales, redes sociales y personas inescrupulosas, \u201ccon la intencionalidad manifiesta y maliciosa de que las personas con discapacidad, pierdan sus beneficios, las citan y les hacen firmar planillas rellen\u00e1ndolas con sus datos\u201d, cuando las notificaciones, \u00fanicamente las deber\u00eda hacer el personal de la Empresa URBANO Express S.A., cuyos Responsables tambi\u00e9n ser\u00e1n citados, para que den las explicaciones correspondientes, evalu\u00e1ndose concretar denuncias penales y civiles en cada caso-<\/strong><\/p>\n<p><!--more--><\/p>\n<p>La -Direcci\u00f3n de Discapacidad- de la Defensor\u00eda del Pueblo de la Provincia de Formosa, le demand\u00f3 al Gobierno Nacional de Javier Milei que, \u201cde forma urgente suspenda el env\u00edo de citaciones mediante Cartas Documentos a personas con pensiones por discapacidad\u201d, en el entendimiento que, las mismas van en contra de los derechos y la seguridad social de las y los usuarios del servicio de salud. Algunos de los inconvenientes m\u00e1s graves que se han podido constatar, se da en que las notificaciones no se vienen realizando en los domicilios de los beneficiarios y esto sucede especialmente en el interior provincial, donde en muchos lugares, no se ha colocado nombres a calles y menos numeraci\u00f3n, lo que dificulta cualquier citaci\u00f3n que pueda provenir de la ANDIS, al mismo tiempo, se ha detectado, \u201ccitaciones exigiendo a que personas discapacitadas se dirijan a diferentes establecimientos privados de forma presencial en una fecha y hora determinada, bajo apercibimiento de suspenderles el beneficio, sin contemplarse que estos ciudadanos no pueden trasladarse por sus propios medios y que tampoco poseen los recursos suficientes y necesarios para pagar una ambulancia que los traslade\u201d.<\/p>\n<p>El Ombudsman Provincial, Dr. Jos\u00e9 Leonardo Gialluca, denunci\u00f3 tambi\u00e9n que hay casos de personas que reciben tratamiento ambulatorio, quienes por la forma en la cual se encuentra redactada la Carta Documento, con lenguaje excesivamente t\u00e9cnico, genera confusi\u00f3n sobre lo que tienen que hacer o los reiterados casos en los cuales las citaciones fueron entregadas a terceras personas y no a sus destinatarios o titulares. Estas situaciones ya hab\u00edan sido advertidas en su momento, dado que las mismas se producen no solamente en formosa, sino en todo el pa\u00eds y, sin embargo, la ANDIS no llev\u00f3 adelante ninguna correcci\u00f3n ni ajuste razonable, antes de enviar las notificaciones, \u201cen m\u00e1s, en nuestro territorio, directamente el Gobierno Nacional desmantel\u00f3 por completo la Delegaci\u00f3n de la ANDIS, lo cual, agrava a\u00fan m\u00e1s la posibilidad de asesoramiento y defensa en favor de las personas que poseen una pensi\u00f3n por discapacidad\u201d. Ante esta realidad, desde el Organismo de la Constituci\u00f3n, se Inst\u00f3 a la ANDIS, suspenda inmediatamente estas citaciones y que, al momento de volver a enviarlas, informe de manera detallada cu\u00e1les son los criterios que se utilizar\u00e1n para hacer estas revisiones.<\/p>\n<p>Adem\u00e1s, que garantice, que las pr\u00f3ximas notificaciones, se cursen a los titulares y se realicen en un lenguaje claro, para que puedan ser comprendidos por las y los destinatarios en lo que respecta al alcance de la revisi\u00f3n y sus consecuencias y que se simplifique la documentaci\u00f3n a presentar en la entrevista. En este mismo sentido, se requiri\u00f3 que las entrevistas se realicen en los lugares donde se encuentran las y los beneficiarios o en su defecto que las mismas se lleven a cabo en dependencias, lo m\u00e1s cercanas a sus domicilios, seg\u00fan las circunstancias personales de cada persona beneficiaria, teniendo en cuenta que en su gran mayor\u00eda son adultos mayores que padecen una serie de dolencias, por lo que, se ven impedidos de trasladarse de un lugar a otro.<\/p>\n<p>Por \u00faltimo, se advirti\u00f3 a la ANDIS que el Estado Nacional por los est\u00e1ndares internacionales que est\u00e1 obligado a cumplir, debe garantizar los derechos de las personas con discapacidad en general y especialmente de quienes tienen graves enfermedades, m\u00e1xime en los casos de personas con padecimientos de salud mental, m\u00e1s all\u00e1 que el actual Gobierno Nacional, \u201cconsidere o vea a los mencionados, como simples n\u00fameros, a los cuales les viene proporcionando un trato inhumano\u201d, por lo que, esperamos que tanto la ANDIS, como el Ministro de Salud de Naci\u00f3n, revean el modo y la forma en que se est\u00e1 llevando adelante esta auditor\u00eda, ya que nadie habla de que la baja de las PNC por invalidez, \u201cimplica que adem\u00e1s, se suspender\u00e1, no solamente los ingresos econ\u00f3micos para miles de personas, sino que tambi\u00e9n, los beneficiarios perder\u00e1n la posibilidad de acceder a la cobertura de la obra social que implica esta prestaci\u00f3n y con lo cual, quedar\u00e1n totalmente desamparados\u201d.<\/p>\n","protected":false},"excerpt":{"rendered":"<p>&#8211; El requerimiento se fundament\u00f3 en las grav\u00edsimas irregularidades detectadas al momento de la notificaci\u00f3n de las Carta Documentos, enviadas por la ANDIS, habi\u00e9ndose descubierto, adem\u00e1s, en nuestra Provincia, que medios de comunicaci\u00f3n radiales, redes sociales y personas inescrupulosas, \u201ccon la intencionalidad manifiesta y maliciosa de que las personas con discapacidad, pierdan sus beneficios, las [&hellip;]<\/p>\n","protected":false},"author":1,"featured_media":16053,"comment_status":"closed","ping_status":"closed","sticky":false,"template":"","format":"standard","meta":{"footnotes":""},"categories":[1],"tags":[],"class_list":["post-16052","post","type-post","status-publish","format-standard","has-post-thumbnail","hentry","category-noticias"],"_links":{"self":[{"href":"https:\/\/defensoriaformosa.gob.ar\/index.php?rest_route=\/wp\/v2\/posts\/16052","targetHints":{"allow":["GET"]}}],"collection":[{"href":"https:\/\/defensoriaformosa.gob.ar\/index.php?rest_route=\/wp\/v2\/posts"}],"about":[{"href":"https:\/\/defensoriaformosa.gob.ar\/index.php?rest_route=\/wp\/v2\/types\/post"}],"author":[{"embeddable":true,"href":"https:\/\/defensoriaformosa.gob.ar\/index.php?rest_route=\/wp\/v2\/users\/1"}],"replies":[{"embeddable":true,"href":"https:\/\/defensoriaformosa.gob.ar\/index.php?rest_route=%2Fwp%2Fv2%2Fcomments&post=16052"}],"version-history":[{"count":1,"href":"https:\/\/defensoriaformosa.gob.ar\/index.php?rest_route=\/wp\/v2\/posts\/16052\/revisions"}],"predecessor-version":[{"id":16054,"href":"https:\/\/defensoriaformosa.gob.ar\/index.php?rest_route=\/wp\/v2\/posts\/16052\/revisions\/16054"}],"wp:featuredmedia":[{"embeddable":true,"href":"https:\/\/defensoriaformosa.gob.ar\/index.php?rest_route=\/wp\/v2\/media\/16053"}],"wp:attachment":[{"href":"https:\/\/defensoriaformosa.gob.ar\/index.php?rest_route=%2Fwp%2Fv2%2Fmedia&parent=16052"}],"wp:term":[{"taxonomy":"category","embeddable":true,"href":"https:\/\/defensoriaformosa.gob.ar\/index.php?rest_route=%2Fwp%2Fv2%2Fcategories&post=16052"},{"taxonomy":"post_tag","embeddable":true,"href":"https:\/\/defensoriaformosa.gob.ar\/index.php?rest_route=%2Fwp%2Fv2%2Ftags&post=16052"}],"curies":[{"name":"wp","href":"https:\/\/api.w.org\/{rel}","templated":true}]}}