{"id":16049,"date":"2025-03-05T18:41:28","date_gmt":"2025-03-05T21:41:28","guid":{"rendered":"https:\/\/defensoriaformosa.gob.ar\/?p=16049"},"modified":"2025-03-05T18:41:28","modified_gmt":"2025-03-05T21:41:28","slug":"solicitan-a-quienes-no-hayan-recibido-cartas-documentos-de-la-andis-no-concurrir-a-otros-lugares-para-evitar-inconvenientes","status":"publish","type":"post","link":"https:\/\/defensoriaformosa.gob.ar\/?p=16049","title":{"rendered":"SOLICITAN A QUIENES NO HAYAN RECIBIDO CARTAS DOCUMENTOS DE LA ANDIS NO CONCURRIR A OTROS LUGARES PARA EVITAR INCONVENIENTES"},"content":{"rendered":"<p><strong>-Dado que, se est\u00e1n auditando beneficios de pensiones de hace varios a\u00f1os, las personas, o no poseen, la Clave de Seguridad Social o no la conocen o se la olvidaron, por lo cual, sugieren concurrir a la Sede de la ANSES Formosa, donde sin turnos, deben hacer un \u201cBlanqueo de Clave\u201d, para volver a obtenerla, debiendo llevar para ello su DNI, advirti\u00e9ndoseles que, una vez adquirido el documento en soporte papel, cuentan tan solo con 24 horas para volver a conseguir la misma (Clave de Seguridad Social), caso contrario, queda todo invalidado-<\/strong><\/p>\n<p><!--more--><\/p>\n<p>Este mi\u00e9rcoles 5 del corriente mes y a\u00f1o, la -Direcci\u00f3n de Discapacidad- de la Defensor\u00eda del Pueblo de la Provincia de Formosa, atendi\u00f3 a pr\u00e1cticamente un centenar de personas, tanto en su Sede de Padre Pati\u00f1o 831, como tambi\u00e9n, en el Centro de Inclusi\u00f3n Digital del B\u00ba Lote 111, quienes, en algunos casos puntuales, hab\u00edan recibido Cartas Documentos de la ANDIS firmadas por su Director Ejecutivo, Dr. Diego Orlando Spagnuolo, en sus domicilios, entregadas por la Empresa -Urbano Express Argentina SA- con direcci\u00f3n en la Ciudad de Formosa, en calle Espa\u00f1a 2304, contratada a tal efecto, en tanto, el resto de las personas, buscaron asesoramientos, toda vez que la Delegaci\u00f3n de la ANDIS en Formosa, no existe, \u201cdejando de esta manera, totalmente desamparados a las personas con discapacidad en nuestra provincia\u201d. El Ombudsman Provincial, Dr. Jos\u00e9 Leonardo Gialluca, adelant\u00f3 que ma\u00f1ana jueves 6, volveremos atender en el B\u00ba Lote 111 desde las 8:30 a 12:00 horas y solicit\u00f3 a los interesados que acudan con: * Carta Documento de la ANDIS, * DNI, * CUD y\/o CMO si los poseen, * Estudios M\u00e9dicos e Historias Cl\u00ednicas. El Funcionario Provincial, solicit\u00f3, \u201cque todas aquellas personas que no hayan recepcionado a\u00fan, las Cartas Documentos de la ANDIS, no concurran a otros lugares a notificarse, pues, de hacerlo, a partir de este hecho, comienzan a correr los plazos para presentar las documentaciones y antecedentes que dieron origen al beneficio\u201d.<\/p>\n<p>En la pr\u00e1ctica, denunci\u00f3 que, aparentemente la Firma Urbano Express Argentina SA, estar\u00eda pagando, alg\u00fan canon o publicidad en ciertos medios de comunicaci\u00f3n, especialmente radiales, \u201cdonde se convoca a la gente a que vayan a buscar las Cartas Documentos que la empresa deber\u00eda notificar en los domicilios reales de las personas y es en ese momento, donde por ignorancia o desconocimiento, los ciudadanos se notifican de un Instrumento Administrativo con todas las consecuencias que el mismo conlleva\u201d. Esto ha sucedido este mi\u00e9rcoles en varias Localidades y Ciudades del Interior Provincial, por lo que, realizaremos las denuncias respectivas por ante la ANDIS y el Ministerio de Salud de Naci\u00f3n, ya que, con esta pr\u00e1ctica marginal, se lesionan los derechos de los titulares de las PNC por invalidez laboral, \u201cimposibilit\u00e1ndolos de presentar la documentaci\u00f3n requerida, dada la complejidad en la obtenci\u00f3n de turnos y\/o estudios m\u00e9dicos\u201d, con lo que queda demostrado que esta Auditoria impulsada por el Gobierno Nacional, \u00fanicamente tiene como objetivo eliminar los derechos de los sectores m\u00e1s vulnerables que est\u00e1n recibiendo, \u201ccon bono incluido la suma de $265.385,20, monto este que es destinado en su totalidad a la compra de medicamentos y en otros casos, de algunos alimentos\u201d. Gialluca record\u00f3 que, en el 2024 se iniciaron estas Auditorias por orden del Gobierno de Javier Milei y que se tiene previsto finalizar para la primera mitad del a\u00f1o y para ello se han firmado Acuerdos con la ANDIS, PAMI, Servicios Postales y otros, con el objetivo de dar de baja a quienes se encuentran inscriptos en forma irregular.<\/p>\n<p>En este punto, advirti\u00f3, \u201cque esta medida lamentablemente recurre a criterios m\u00e9dicos que desconocen el modelo social de la discapacidad, por lo cual, es abiertamente contraria a nuestro ordenamiento jur\u00eddico\u201d. Es que el proceso para definir qui\u00e9n debe percibir la pensi\u00f3n y quien no, debe considerar las barreras culturales, econ\u00f3micas y sociales, que enfrenta este grupo para ejercer sus derechos en condiciones de igualdad, as\u00ed como los gastos adicionales en los que las personas incurren por tener una discapacidad. Supeditar el cobro de la pensi\u00f3n a lo que desde el punto de vista m\u00e9dico se considera una \u201cinvalidez suficiente\u201d, ignora que la exclusi\u00f3n del mercado laboral no conoce de porcentajes y es por ello que los especialistas aseguran de que \u201cno cabe duda alguna que las personas con discapacidad enfrentan mayores barreras para trabajar que el resto de la poblaci\u00f3n y esta situaci\u00f3n es la que, en parte, justifica la necesidad de que cobren una pensi\u00f3n\u201d. Por ello, no se trata de determinar si la persona puede o no trabajar por sus caracter\u00edsticas individuales, sino de analizar si las condiciones estructurales en las que viven les permiten hacerlo realmente. De esta manera, se observa claramente que con la actual medida, as\u00ed como con muchas otras, lo \u00fanico que se busca por parte del Gobierno Nacional, es encontrar el bendito equilibrio fiscal, que viene produciendo grav\u00edsimos desequilibrios sociales y es por ello que, vamos a acompa\u00f1ar a cada ciudadana\/o que sea citada, \u201cobviamente quienes no puedan acreditar ninguna invalidez, perder\u00e1 el beneficio y con seguridad, se iniciar\u00e1n los procesos civiles y penales indispensables para deslindar responsabilidades seg\u00fan los casos\u201d.<\/p>\n","protected":false},"excerpt":{"rendered":"<p>-Dado que, se est\u00e1n auditando beneficios de pensiones de hace varios a\u00f1os, las personas, o no poseen, la Clave de Seguridad Social o no la conocen o se la olvidaron, por lo cual, sugieren concurrir a la Sede de la ANSES Formosa, donde sin turnos, deben hacer un \u201cBlanqueo de Clave\u201d, para volver a obtenerla, [&hellip;]<\/p>\n","protected":false},"author":1,"featured_media":16050,"comment_status":"closed","ping_status":"closed","sticky":false,"template":"","format":"standard","meta":{"footnotes":""},"categories":[1],"tags":[],"class_list":["post-16049","post","type-post","status-publish","format-standard","has-post-thumbnail","hentry","category-noticias"],"_links":{"self":[{"href":"https:\/\/defensoriaformosa.gob.ar\/index.php?rest_route=\/wp\/v2\/posts\/16049","targetHints":{"allow":["GET"]}}],"collection":[{"href":"https:\/\/defensoriaformosa.gob.ar\/index.php?rest_route=\/wp\/v2\/posts"}],"about":[{"href":"https:\/\/defensoriaformosa.gob.ar\/index.php?rest_route=\/wp\/v2\/types\/post"}],"author":[{"embeddable":true,"href":"https:\/\/defensoriaformosa.gob.ar\/index.php?rest_route=\/wp\/v2\/users\/1"}],"replies":[{"embeddable":true,"href":"https:\/\/defensoriaformosa.gob.ar\/index.php?rest_route=%2Fwp%2Fv2%2Fcomments&post=16049"}],"version-history":[{"count":1,"href":"https:\/\/defensoriaformosa.gob.ar\/index.php?rest_route=\/wp\/v2\/posts\/16049\/revisions"}],"predecessor-version":[{"id":16051,"href":"https:\/\/defensoriaformosa.gob.ar\/index.php?rest_route=\/wp\/v2\/posts\/16049\/revisions\/16051"}],"wp:featuredmedia":[{"embeddable":true,"href":"https:\/\/defensoriaformosa.gob.ar\/index.php?rest_route=\/wp\/v2\/media\/16050"}],"wp:attachment":[{"href":"https:\/\/defensoriaformosa.gob.ar\/index.php?rest_route=%2Fwp%2Fv2%2Fmedia&parent=16049"}],"wp:term":[{"taxonomy":"category","embeddable":true,"href":"https:\/\/defensoriaformosa.gob.ar\/index.php?rest_route=%2Fwp%2Fv2%2Fcategories&post=16049"},{"taxonomy":"post_tag","embeddable":true,"href":"https:\/\/defensoriaformosa.gob.ar\/index.php?rest_route=%2Fwp%2Fv2%2Ftags&post=16049"}],"curies":[{"name":"wp","href":"https:\/\/api.w.org\/{rel}","templated":true}]}}