{"id":16046,"date":"2025-03-04T09:02:17","date_gmt":"2025-03-04T12:02:17","guid":{"rendered":"https:\/\/defensoriaformosa.gob.ar\/?p=16046"},"modified":"2025-03-05T09:03:36","modified_gmt":"2025-03-05T12:03:36","slug":"gialluca-contra-la-eliminacion-de-las-pensiones-no-contributivas-por-invalidez-laboral","status":"publish","type":"post","link":"https:\/\/defensoriaformosa.gob.ar\/?p=16046","title":{"rendered":"GIALLUCA CONTRA LA ELIMINACION DE LAS PENSIONES NO CONTRIBUTIVAS POR INVALIDEZ LABORAL"},"content":{"rendered":"<p><strong>-Bajo el pretexto del equilibrio fiscal, el Gobierno Nacional viene por las personas discapacitadas, lo que va a originar, un mayor desequilibrio social-<\/strong><\/p>\n<p><!--more--><\/p>\n<p>El Defensor del Pueblo Dr. Jos\u00e9 Leonardo Gialluca, se\u00f1al\u00f3 que, el Gobierno Nacional de Javier Milei quiere eliminar las pensiones no contributivas por invalidez laboral a m\u00e1s de un mill\u00f3n de personas con discapacidad en todo el pa\u00eds. Con el pretexto de que solo les importa el equilibrio fiscal, la Agencia Nacional de Discapacidad, contin\u00faa citando a personas, \u201ccuando en Formosa ni siquiera atienden a la gente que necesita de su asesoramiento\u201d.<\/p>\n<p>Utilizan en las citaciones , t\u00e9rminos que la gente no comprende, de esta manera no les garantiza la accesibilidad necesaria seg\u00fan el tipo de discapacidad y lo peor es que fijan plazos de cumplimiento imposibles para la presentaci\u00f3n de la documentaci\u00f3n requerida,\u00a0 dada la complejidad en la obtenci\u00f3n de turnos y\/o estudios m\u00e9dicos, \u00a0muchos que pueden haberse perdidos en una mudanza o por otros motivos,\u00a0 ya que son elementos que datan de hace m\u00e1s de 20 o 30 a\u00f1os, queda claro, que lo \u00fanico que buscan es eliminar estos beneficios y nosotros desde la Defensor\u00eda del Pueblo, estamos convencidos que los derechos conquistados \u201cno son variables de ajuste\u201d.<\/p>\n<p>Obviamente, sentenci\u00f3 el Funcionario Provincial, que las pensiones no contributivas \u201cmal otorgadas o que no corresponden, deben ser eliminadas, pero aqu\u00ed, el Gobierno Nacional, viene por todo y seguramente, pagaran, justos por pecadores\u201d.<\/p>\n","protected":false},"excerpt":{"rendered":"<p>-Bajo el pretexto del equilibrio fiscal, el Gobierno Nacional viene por las personas discapacitadas, lo que va a originar, un mayor desequilibrio social-<\/p>\n","protected":false},"author":1,"featured_media":16047,"comment_status":"closed","ping_status":"closed","sticky":false,"template":"","format":"standard","meta":{"footnotes":""},"categories":[1],"tags":[],"class_list":["post-16046","post","type-post","status-publish","format-standard","has-post-thumbnail","hentry","category-noticias"],"_links":{"self":[{"href":"https:\/\/defensoriaformosa.gob.ar\/index.php?rest_route=\/wp\/v2\/posts\/16046","targetHints":{"allow":["GET"]}}],"collection":[{"href":"https:\/\/defensoriaformosa.gob.ar\/index.php?rest_route=\/wp\/v2\/posts"}],"about":[{"href":"https:\/\/defensoriaformosa.gob.ar\/index.php?rest_route=\/wp\/v2\/types\/post"}],"author":[{"embeddable":true,"href":"https:\/\/defensoriaformosa.gob.ar\/index.php?rest_route=\/wp\/v2\/users\/1"}],"replies":[{"embeddable":true,"href":"https:\/\/defensoriaformosa.gob.ar\/index.php?rest_route=%2Fwp%2Fv2%2Fcomments&post=16046"}],"version-history":[{"count":1,"href":"https:\/\/defensoriaformosa.gob.ar\/index.php?rest_route=\/wp\/v2\/posts\/16046\/revisions"}],"predecessor-version":[{"id":16048,"href":"https:\/\/defensoriaformosa.gob.ar\/index.php?rest_route=\/wp\/v2\/posts\/16046\/revisions\/16048"}],"wp:featuredmedia":[{"embeddable":true,"href":"https:\/\/defensoriaformosa.gob.ar\/index.php?rest_route=\/wp\/v2\/media\/16047"}],"wp:attachment":[{"href":"https:\/\/defensoriaformosa.gob.ar\/index.php?rest_route=%2Fwp%2Fv2%2Fmedia&parent=16046"}],"wp:term":[{"taxonomy":"category","embeddable":true,"href":"https:\/\/defensoriaformosa.gob.ar\/index.php?rest_route=%2Fwp%2Fv2%2Fcategories&post=16046"},{"taxonomy":"post_tag","embeddable":true,"href":"https:\/\/defensoriaformosa.gob.ar\/index.php?rest_route=%2Fwp%2Fv2%2Ftags&post=16046"}],"curies":[{"name":"wp","href":"https:\/\/api.w.org\/{rel}","templated":true}]}}