{"id":16039,"date":"2025-03-01T01:53:41","date_gmt":"2025-03-01T04:53:41","guid":{"rendered":"https:\/\/defensoriaformosa.gob.ar\/?p=16039"},"modified":"2025-03-02T01:55:25","modified_gmt":"2025-03-02T04:55:25","slug":"coordinan-acciones-entre-la-defensoria-y-anses-ante-la-incertidumbre-y-dudas-originadas-por-el-proceso-de-auditorias-a-las-pnc-por-invalidez","status":"publish","type":"post","link":"https:\/\/defensoriaformosa.gob.ar\/?p=16039","title":{"rendered":"COORDINAN ACCIONES ENTRE LA DEFENSORIA Y ANSES ANTE LA INCERTIDUMBRE Y DUDAS ORIGINADAS POR EL PROCESO DE AUDITORIAS A LAS PNC POR INVALIDEZ"},"content":{"rendered":"<p><strong>Recientemente la Agencia Nacional de Discapacidad (ANDIS), que depende del Ministerio de Salud, inici\u00f3 el proceso de Auditor\u00edas a las Pensiones No Contributivas (PNC) por invalidez en todo el pa\u00eds, situaci\u00f3n que est\u00e1 originando m\u00e1s dudas que nunca, donde los beneficiarios, no solo se preguntan qu\u00e9 pasar\u00e1 con su pensi\u00f3n de ($191.160,55 + bono de $70.000 = $261.160,55), lo m\u00e1s importante para ellos, sino tambi\u00e9n, c\u00f3mo ser\u00e1 el tr\u00e1mite, qu\u00e9 documentaci\u00f3n presentar y c\u00f3mo sabr\u00e1n si les corresponde asistir al chequeo o no, ya que se trata de miles de titulares que tienen estudios desde hace varios a\u00f1os. <\/strong><\/p>\n<p><!--more--><\/p>\n<p>Ante esta situaci\u00f3n, se llev\u00f3 a cabo una -Reuni\u00f3n de Trabajo- de la cual formaron parte, las Representantes de la Administraci\u00f3n Nacional de la Seguridad Social -ANSES- en Formosa: Supervisora Adriana Torales y la Dra. Ileana Pared, quienes fueron recibidas por el Defensor del Pueblo, Dr. Jos\u00e9 Leonardo Gialluca, el Representante de la Defensor\u00eda del Pueblo de Naci\u00f3n en Formosa Dr. Julio Santander y Asesores Letrados, con el objetivo de coordinar acciones entre ambas instituciones a fin de lograr un correcto asesoramiento de los ciudadanos involucrados por la medida antes mencionada. La Supervisora de ANSES, Adriana Torales, explic\u00f3 que, efectivamente los beneficiarios est\u00e1n recibiendo en sus domicilios, una notificaci\u00f3n formal, con la fecha, hora y lugar donde deben presentarse para la revisi\u00f3n. Dicha evaluaci\u00f3n m\u00e9dica se llevar\u00e1 a cabo en la Cl\u00ednica Sarmiento, ubicada en la calle Sarmiento N\u00ba 244, a cargo de Prestadores de la obra social PAMI. Al respecto, indic\u00f3 que la medida busca verificar que los beneficiarios contin\u00faen cumpliendo con los requisitos exigidos al momento de la solicitud de la pensi\u00f3n, por tal motivo, los convocados deber\u00e1n presentar, la documentaci\u00f3n con la que solicitaron originalmente la misma, pudiendo tambi\u00e9n, anexar documentaci\u00f3n actualizada, de nuevas patolog\u00edas devenidas a lo largo del tiempo.<\/p>\n<p>Luego de la revisi\u00f3n, cuentan con treinta (30) d\u00edas para subir los documentos escaneados, junto al informe del m\u00e9dico que realiz\u00f3 la auditor\u00eda, a la plataforma Tr\u00e1mite a Distancia (TAD) en https:\/\/tramitesadistancia.gob.ar\/#\/inicio, o pueden enviarlo por correo a la calle Hip\u00f3lito Yrigoyen N\u00b0 1447 de CABA, o presentarlo en las oficinas de ANSES \u2013 Formosa, cuando se habilite el turno espec\u00edfico para ello. Posteriormente la Dra. Ileana Pared explica que, los controles comenzar\u00e1n el 18 de marzo del corriente a\u00f1o y, que los beneficiarios tienen la posibilidad, en el caso de encontrarse imposibilitados de comparecer o presentarse, de justificar debidamente dicha circunstancia, mediante un correo electr\u00f3nico a: inasistenciapnc@andis.gob.ar con plazo hasta 24hs antes del d\u00eda de la citaci\u00f3n, adjuntando la documentaci\u00f3n que justifique la incomparecencia, con copia de su DNI, frente y dorso. Advierte adem\u00e1s que, de presentarse a la citaci\u00f3n, sin la correspondiente documentaci\u00f3n o por incomparecencias no justificadas, las personas corren el riesgo de perder el beneficio de la pensi\u00f3n.<\/p>\n<p>Por su lado, la Dra. Mar\u00eda Eugenia Pereyra, manifest\u00f3 como otra opci\u00f3n para presentar la documentaci\u00f3n respaldatoria, utilizar las que figuran en los Centros de Atenci\u00f3n del ANDIS en cada provincia, sin embargo, en Formosa, no existe a la fecha un Responsable de la ANDIS designado oficialmente, ni el personal requerido para llevar a cabo la tarea antes mencionada, por lo que, desde la Defensor\u00eda del Pueblo, se solicit\u00f3 tanto al Ministro de Salud de Naci\u00f3n, como al Titular de la ANDIS, \u201cnormalice las oficinas en nuestra provincia, frente a este proceso de auditor\u00edas y en beneficio de las personas intimadas, pues resulta incomprensible, que la Instituci\u00f3n que intima a los pensionados no tenga a la fecha una persona que aparezca como responsable en nuestra jurisdicci\u00f3n y que pueda en consecuencia, asesorar debidamente a los mismos\u201d. A\u00f1adi\u00f3 la Dra. Ileana Pared, que, si bien desde ANSES tienen conocimiento de la medida, reci\u00e9n a partir del 18 de marzo con las primeras citaciones, se conocer\u00e1 la din\u00e1mica del proceso, ya que a\u00fan no est\u00e1 habilitado el software de turnos para ello.<\/p>\n<p>Expresa tambi\u00e9n que, es positivo que existan varias v\u00edas de descargo, ya que en la ANSES pueden colapsar los turnos a nivel operativo. Gialluca, aclar\u00f3 que, se auditar\u00e1 a las pensiones por invalidez laboral bajo la Ley N\u00ba 13.478 y el Decreto N\u00ba 432\/97, quedando excluidos los menores de edad y las personas que ya fueron auditadas durante el 2024, llevando tranquilidad el Funcionario Provincial a todas aquellas personas que reciban cartas documentos o intimaciones por parte de la ANDIS, \u201ca quienes ofreci\u00f3 acercarse a la Sede del Organismo de la Constituci\u00f3n y los d\u00edas mi\u00e9rcoles en el Centro de Inclusi\u00f3n Digital del Barrio Lote 111, donde ser\u00e1n asesoradas correcta y gratuitamente, para que cumplan con los controles necesarios y no pierdan sus pensiones que hoy son utilizadas especialmente para adquirir medicamentos y alimentos\u201d.<\/p>\n","protected":false},"excerpt":{"rendered":"<p>Recientemente la Agencia Nacional de Discapacidad (ANDIS), que depende del Ministerio de Salud, inici\u00f3 el proceso de Auditor\u00edas a las Pensiones No Contributivas (PNC) por invalidez en todo el pa\u00eds, situaci\u00f3n que est\u00e1 originando m\u00e1s dudas que nunca, donde los beneficiarios, no solo se preguntan qu\u00e9 pasar\u00e1 con su pensi\u00f3n de ($191.160,55 + bono de [&hellip;]<\/p>\n","protected":false},"author":1,"featured_media":16040,"comment_status":"closed","ping_status":"closed","sticky":false,"template":"","format":"standard","meta":{"footnotes":""},"categories":[1],"tags":[],"class_list":["post-16039","post","type-post","status-publish","format-standard","has-post-thumbnail","hentry","category-noticias"],"_links":{"self":[{"href":"https:\/\/defensoriaformosa.gob.ar\/index.php?rest_route=\/wp\/v2\/posts\/16039","targetHints":{"allow":["GET"]}}],"collection":[{"href":"https:\/\/defensoriaformosa.gob.ar\/index.php?rest_route=\/wp\/v2\/posts"}],"about":[{"href":"https:\/\/defensoriaformosa.gob.ar\/index.php?rest_route=\/wp\/v2\/types\/post"}],"author":[{"embeddable":true,"href":"https:\/\/defensoriaformosa.gob.ar\/index.php?rest_route=\/wp\/v2\/users\/1"}],"replies":[{"embeddable":true,"href":"https:\/\/defensoriaformosa.gob.ar\/index.php?rest_route=%2Fwp%2Fv2%2Fcomments&post=16039"}],"version-history":[{"count":1,"href":"https:\/\/defensoriaformosa.gob.ar\/index.php?rest_route=\/wp\/v2\/posts\/16039\/revisions"}],"predecessor-version":[{"id":16041,"href":"https:\/\/defensoriaformosa.gob.ar\/index.php?rest_route=\/wp\/v2\/posts\/16039\/revisions\/16041"}],"wp:featuredmedia":[{"embeddable":true,"href":"https:\/\/defensoriaformosa.gob.ar\/index.php?rest_route=\/wp\/v2\/media\/16040"}],"wp:attachment":[{"href":"https:\/\/defensoriaformosa.gob.ar\/index.php?rest_route=%2Fwp%2Fv2%2Fmedia&parent=16039"}],"wp:term":[{"taxonomy":"category","embeddable":true,"href":"https:\/\/defensoriaformosa.gob.ar\/index.php?rest_route=%2Fwp%2Fv2%2Fcategories&post=16039"},{"taxonomy":"post_tag","embeddable":true,"href":"https:\/\/defensoriaformosa.gob.ar\/index.php?rest_route=%2Fwp%2Fv2%2Ftags&post=16039"}],"curies":[{"name":"wp","href":"https:\/\/api.w.org\/{rel}","templated":true}]}}