{"id":16036,"date":"2025-02-28T01:51:16","date_gmt":"2025-02-28T04:51:16","guid":{"rendered":"https:\/\/defensoriaformosa.gob.ar\/?p=16036"},"modified":"2025-03-02T01:53:28","modified_gmt":"2025-03-02T04:53:28","slug":"en-el-seno-del-congreso-exigieron-que-el-gobierno-nacional-invierta-en-obras-de-generacion-y-transporte-energetico","status":"publish","type":"post","link":"https:\/\/defensoriaformosa.gob.ar\/?p=16036","title":{"rendered":"EN EL SENO DEL CONGRESO, EXIGIERON QUE EL GOBIERNO NACIONAL INVIERTA EN OBRAS DE GENERACION Y TRANSPORTE ENERGETICO"},"content":{"rendered":"<p><strong>-Demandaron, adem\u00e1s, que se trate y apruebe, el \u00faltimo Proyecto presentado de Tarifa Regional Diferenciada Zonas C\u00e1lidas-<\/strong><\/p>\n<p><!--more--><\/p>\n<p>El Defensor del Pueblo de la Provincia de Formosa, Dr. Jos\u00e9 Leonardo Gialluca, en su car\u00e1cter de Vicepresidente II de ADPRA, particip\u00f3 en dos Instancias claves vinculadas a la regulaci\u00f3n del sector energ\u00e9tico, abordando problem\u00e1ticas estructurales y coyunturales que afectan a los usuarios del servicio el\u00e9ctrico en todo el pa\u00eds. En la Audiencia P\u00fablica convocada por el ENRE, sobre los cuadros tarifarios del transporte el\u00e9ctrico, estuvieron presentes la Defensor\u00eda del Pueblo de Formosa, Chaco, Buenos Aires, CABA, Tucum\u00e1n, Bariloche y la Defensor\u00eda del Pueblo de Naci\u00f3n, quienes expusieron las realidades y dificultades espec\u00edficas que enfrenta cada regi\u00f3n en materia de transporte de energ\u00eda el\u00e9ctrica. Los principales puntos manifestados fueron: * Crisis estructural del transporte el\u00e9ctrico: Se advirti\u00f3 que el sistema de transporte de energ\u00eda el\u00e9ctrica, presenta falencias hist\u00f3ricas que no han sido atendidas ni corregidas, lo cual genera deficiencias en la calidad del servicio y limitaciones en la capacidad de distribuci\u00f3n. * Falta de inversi\u00f3n y mantenimiento: Se se\u00f1al\u00f3 la ausencia de mejoras sustanciales en infraestructura, tecnolog\u00eda y calidad del servicio por parte de las empresas transportadoras, lo que ha derivado en colapsos energ\u00e9ticos, cortes prolongados y deficiencias en la prestaci\u00f3n del servicio. * Cr\u00edticas a la actualizaci\u00f3n tarifaria: Se cuestion\u00f3 la prudencia de solicitar incrementos tarifarios elevados, sin un correlato en la mejora del servicio, y se advirti\u00f3 que los ajustes propuestos resultan desproporcionados con relaci\u00f3n a la capacidad de pago de los usuarios. * D\u00e9bil regulaci\u00f3n y control del ENRE: Se subray\u00f3 la necesidad de que el Ente Nacional Regulador de la Electricidad ejerza un control m\u00e1s efectivo sobre las empresas transportistas, aplicando sanciones ante el incumplimiento de sus obligaciones contractuales. * Revalorizaci\u00f3n de las audiencias p\u00fablicas: Se enfatiz\u00f3 que estos espacios deben fortalecerse como herramientas de participaci\u00f3n ciudadana genuina y no limitarse a una mera formalidad administrativa, reclamando mayor previsibilidad, transparencia y consideraci\u00f3n efectiva de los planteos de los usuarios. A trav\u00e9s del Asesor Letrado Fernando Sosa, el Organismo de la Constituci\u00f3n, se hizo presente en la Jornada de Debate en la Comisi\u00f3n de Defensa de la Competencia de Usuarios y Consumidores de la C\u00e1mara de Diputados, encontr\u00e1ndose la Defensor\u00eda del Pueblo de Formosa, de Mor\u00f3n, la Matanza y CABA. Este encuentro, cont\u00f3 con la presencia de la Diputada Carolina Yutrovic, Presidenta de la Comisi\u00f3n, Diputados de Uni\u00f3n por la Patria, de Izquierda y la Coalici\u00f3n C\u00edvica, estando ausentes la UCR y LLA. Participaron, tambi\u00e9n, Asociaciones de usuarios y consumidores representado por Claudio Boada y Fernanda Lacey, as\u00ed como el Presidente de la Asociaci\u00f3n Argentina de Electrodependientes (AAdED), Mauro Stefanizzi, Daniel Rosato Presidente de Industriales PyMES Argentinos (IPA), Nicol\u00e1s Malinovsky por el Observatorio de Energ\u00eda, Ciencia y Tecnolog\u00eda, Daniel L\u00f3pez por la Cooperativa Gr\u00e1fica Vulcano, Alfredo Ragalli de la Cooperativa COCTAL, Natalia Salvo de la Asociaci\u00f3n de Abogados Laboralistas 7 de Julio, Juan Litwiller Secretario de Cooperativismo FGC (Federaci\u00f3n Gr\u00e1fica Bonaerense), diversas ONG, quienes abordaron la cr\u00edtica situaci\u00f3n de los usuarios del servicio el\u00e9ctrico en el contexto de los recientes ajustes tarifarios y la eliminaci\u00f3n de subsidios. Los principales ejes tratados fueron: * Impacto de la eliminaci\u00f3n de subsidios: Se advirti\u00f3 que el recorte de subsidios ha generado una fuerte presi\u00f3n sobre los sectores m\u00e1s vulnerables, sin mecanismos adecuados de transici\u00f3n que permitan una adecuaci\u00f3n gradual de los usuarios a la nueva realidad tarifaria en todo el pa\u00eds. * Incrementos tarifarios desproporcionados: Se denunci\u00f3 que la pol\u00edtica tarifaria aplicada por el Gobierno Nacional, carece de criterios de progresividad y razonabilidad, lo que afecta severamente la capacidad de pago de los usuarios y vulnera el principio de proporcionalidad entre el costo del servicio y los ingresos de la poblaci\u00f3n. * Inacci\u00f3n de la Secretar\u00eda de Energ\u00eda: Se cuestion\u00f3 la falta de medidas concretas por parte de la Secretar\u00eda de Energ\u00eda de Naci\u00f3n a cargo de la Lic. Mar\u00eda Carmen Tettamanti, que ha implementado recortes e impuesto topes en los usuarios N2 y N3, sin generar programas de mitigaci\u00f3n que garanticen el acceso equitativo a la energ\u00eda el\u00e9ctrica. * Protecci\u00f3n de usuarios electrodependientes: Se destac\u00f3 la necesidad de fortalecer los mecanismos de protecci\u00f3n para usuarios electrodependientes, para garantizar la continuidad del servicio y establecer protocolos de atenci\u00f3n diferenciados.<\/p>\n<p>A su turno, la Defensor\u00eda del Pueblo de Formosa, \u201cdemand\u00f3 la necesidad de que el Congreso de la Naci\u00f3n trate y apruebe, los Proyectos de Ley de Tarifa Regional Diferenciada -Zonas C\u00e1lidas- a favor de los usuarios del Norte Argentino, resaltando, que si bien existen varios proyectos, el \u00faltimo corresponde a la Diputada por Catamarca Silvana Ginocchio, donde se expresa la necesidad imperiosa para todo el Norte del Pa\u00eds de que se implementen costos energ\u00e9ticos especiales, al carecerse de gas por red y ante la alta demanda energ\u00e9tica por las elevadas temperaturas\u201d. Se denunci\u00f3, adem\u00e1s, la absoluta desfinanciaci\u00f3n de obras de infraestructura el\u00e9ctrica en los sectores de generaci\u00f3n y transporte en nuestra provincia, que originan grav\u00edsimos inconvenientes a todos los usuarios y a la propia distribuidora local, Instando al Congreso a involucrarse en esta tem\u00e1tica, que se encuentra fuera de la agenda del Estado Nacional.<\/p>\n","protected":false},"excerpt":{"rendered":"<p>-Demandaron, adem\u00e1s, que se trate y apruebe, el \u00faltimo Proyecto presentado de Tarifa Regional Diferenciada Zonas C\u00e1lidas-<\/p>\n","protected":false},"author":1,"featured_media":16037,"comment_status":"closed","ping_status":"closed","sticky":false,"template":"","format":"standard","meta":{"footnotes":""},"categories":[1],"tags":[],"class_list":["post-16036","post","type-post","status-publish","format-standard","has-post-thumbnail","hentry","category-noticias"],"_links":{"self":[{"href":"https:\/\/defensoriaformosa.gob.ar\/index.php?rest_route=\/wp\/v2\/posts\/16036","targetHints":{"allow":["GET"]}}],"collection":[{"href":"https:\/\/defensoriaformosa.gob.ar\/index.php?rest_route=\/wp\/v2\/posts"}],"about":[{"href":"https:\/\/defensoriaformosa.gob.ar\/index.php?rest_route=\/wp\/v2\/types\/post"}],"author":[{"embeddable":true,"href":"https:\/\/defensoriaformosa.gob.ar\/index.php?rest_route=\/wp\/v2\/users\/1"}],"replies":[{"embeddable":true,"href":"https:\/\/defensoriaformosa.gob.ar\/index.php?rest_route=%2Fwp%2Fv2%2Fcomments&post=16036"}],"version-history":[{"count":1,"href":"https:\/\/defensoriaformosa.gob.ar\/index.php?rest_route=\/wp\/v2\/posts\/16036\/revisions"}],"predecessor-version":[{"id":16038,"href":"https:\/\/defensoriaformosa.gob.ar\/index.php?rest_route=\/wp\/v2\/posts\/16036\/revisions\/16038"}],"wp:featuredmedia":[{"embeddable":true,"href":"https:\/\/defensoriaformosa.gob.ar\/index.php?rest_route=\/wp\/v2\/media\/16037"}],"wp:attachment":[{"href":"https:\/\/defensoriaformosa.gob.ar\/index.php?rest_route=%2Fwp%2Fv2%2Fmedia&parent=16036"}],"wp:term":[{"taxonomy":"category","embeddable":true,"href":"https:\/\/defensoriaformosa.gob.ar\/index.php?rest_route=%2Fwp%2Fv2%2Fcategories&post=16036"},{"taxonomy":"post_tag","embeddable":true,"href":"https:\/\/defensoriaformosa.gob.ar\/index.php?rest_route=%2Fwp%2Fv2%2Ftags&post=16036"}],"curies":[{"name":"wp","href":"https:\/\/api.w.org\/{rel}","templated":true}]}}