{"id":16027,"date":"2025-02-25T20:11:56","date_gmt":"2025-02-25T23:11:56","guid":{"rendered":"https:\/\/defensoriaformosa.gob.ar\/?p=16027"},"modified":"2025-02-26T20:15:26","modified_gmt":"2025-02-26T23:15:26","slug":"rechazan-nuevos-pedidos-de-aumentos-tarifarios-solicitados-por-transnea-en-audiencia-publica","status":"publish","type":"post","link":"https:\/\/defensoriaformosa.gob.ar\/?p=16027","title":{"rendered":"RECHAZAN NUEVOS PEDIDOS DE AUMENTOS TARIFARIOS SOLICITADOS POR TRANSNEA EN AUDIENCIA PUBLICA"},"content":{"rendered":"<p><strong>-La Empresa pidi\u00f3 mayores incrementos en el transporte energ\u00e9tico, que impactar\u00e1n en las facturas que pagan los usuarios residenciales y comerciales, con actualizaciones mensuales, como as\u00ed tambi\u00e9n, \u201cplante\u00f3, en base a un listado de equipamientos a adquirir y obras a realizar en la Regi\u00f3n NEA, la necesidad de que le ingresen 44 mil millones de pesos por a\u00f1o, para mejorar el servicio que brindar\u00e1 en los pr\u00f3ximos a\u00f1os\u201d, sin explicar d\u00f3nde lo har\u00e1 y sin detallar qu\u00e9 medidas adoptar\u00e1 para evitar que contin\u00faen los colapsos energ\u00e9ticos-<\/strong><\/p>\n<p><!--more--><\/p>\n<p>El Defensor del Pueblo de la Provincia de Formosa, Dr. Jos\u00e9 Leonardo Gialluca, particip\u00f3 en el d\u00eda de la fecha, en la Audiencia P\u00fablica convocada por el ENRE mediante Resoluci\u00f3n N\u00ba 74\/25 y que tiene por objeto la Revisi\u00f3n Quinquenal Periodo 2025 \u2013 2029 del costo del transporte energ\u00e9tico, de la cual participaron siete (7) transportistas, entre ellas, TRANSNEA SA que brinda el servicio a las Provincias de Formosa, Chaco, Corrientes, Entre R\u00edos y quien posee un contrato de concesi\u00f3n por 95 a\u00f1os, renegociables cada 10, desde 1994. El objetivo de la Audiencia P\u00fablica fue el de determinar los niveles de inversi\u00f3n que tendr\u00e1n que hacer las empresas para operar y mejorar la calidad del servicio, \u201cestableci\u00e9ndose a cambio una tasa de rentabilidad y una f\u00f3rmula de ajuste autom\u00e1tico, que dejar\u00edan atr\u00e1s los aumentos discrecionales\u201d. En este contexto, TRASNEA, solicit\u00f3 nuevos y mayores aumentos en el transporte energ\u00e9tico que impactar\u00e1n en las facturas que pagan los usuarios residenciales y comerciales, como as\u00ed tambi\u00e9n, \u201cplante\u00f3 en base a un listado de equipamientos a adquirir y obras a realizar en la Regi\u00f3n NEA, la necesidad de que le ingresen 44 mil millones de pesos por a\u00f1o, para mejorar el servicio que brinda\u201d.<\/p>\n<p>Gialluca, se opuso terminantemente a cualquier autorizaci\u00f3n que haga lugar el ENRE y que implique otro incremento tarifario m\u00e1s, que recaiga en los usuarios, que hoy est\u00e1n padeciendo, facturas impagables, m\u00e1s colapsos de tensi\u00f3n, cortes de energ\u00eda, altas y bajas, con da\u00f1os a sus electrodom\u00e9sticos y otros perjuicios, todos ellos, originados en la falta total de inversiones en las \u00e1reas de generaci\u00f3n y transporte, que dependen exclusivamente del Gobierno Nacional. Record\u00f3 que las facturas de energ\u00eda que reciben los usuarios reflejan las tarifas de los servicios de generaci\u00f3n y transporte energ\u00e9tico que representan un 75% y un 25% que es el costo asociado al servicio de distribuci\u00f3n, que en nuestra provincia se encuentra a cargo de la Empresa REFSA, a esto se le debe sumar el 21% de IVA, haciendo la salvedad que en esta jurisdicci\u00f3n no se cobra ninguna tasa municipal.<\/p>\n<p>Por otro lado, critic\u00f3 duramente a TRANSNEA al presentar sus proyectos y pretensiones, en base a datos sociales y econ\u00f3micos del a\u00f1o 2023, dejando de lado el 2024, por lo que, afirm\u00f3 que cualquier Plan de Inversi\u00f3n que pretenda la transportista, deja de ser confiable, dado que el a\u00f1o pasado se dieron los m\u00e1s altos incrementos en la generaci\u00f3n y en el transporte, a favor de las empresas, sin que el Estado Nacional haya invertido suma de dinero alguna para mantener o mejorar el sistema energ\u00e9tico nacional, \u201cque hoy se encuentra colapsando continuamente, ante las olas de calor que originan una demanda extraordinaria que no fue prevista desde la Secretaria de Energ\u00eda o de lo contrario, sus Autoridades obraron con negligencia e imprudencia\u201d. Es aqu\u00ed donde se pregunt\u00f3, sobre cu\u00e1les ser\u00edan las zonas, lugares o provincias, donde se establecer\u00edan las obras y emprendimientos que pretende TRANSNEA y sobre cuyos puntos, no existen antecedentes, ni en las documentales presentadas en el ENRE, como as\u00ed tampoco en la exposici\u00f3n que se hizo durante la Audiencia P\u00fablica.<\/p>\n<p>De esta manera, cuestion\u00f3 duramente al actual Gobierno Nacional, \u201cpor la desconexi\u00f3n total, que existe entre las pseudo pol\u00edticas energ\u00e9ticas y las necesidades de la gente\u201d, toda vez que, el Estado Federal es propietario y responsable de las principales infraestructuras energ\u00e9ticas del pa\u00eds, incluida las Centrales Hidroel\u00e9ctricas y Nucleares, as\u00ed como las L\u00edneas de Transmisi\u00f3n de Alta Tensi\u00f3n, que conectan a las diferentes Regiones de la Argentina y en consecuencia, se\u00f1al\u00f3 que, es ese mismo Estado, el \u00fanico responsable de las inversiones y de la modernizaci\u00f3n de la infraestructura el\u00e9ctrica que hoy, se encuentra en total obsolescencia, a\u00f1adiendo que, la argentina posee actualmente un PBI de US$ 600.000 millones e invierte, menos del 15% en el sector energ\u00e9tico, \u201ces decir, que ni siquiera se est\u00e1 reponiendo lo que se gasta\u201d, mientras pa\u00edses como Estados Unidos\u00a0 invierten el 25% de su PBI o China el 45%, para dar algunos ejemplos. Por \u00faltimo, denunci\u00f3 la inexistencia de un Plan Energ\u00e9tico Nacional, como as\u00ed tambi\u00e9n, un orden de prioridades, en lo que gasta el Gobierno Nacional, quien no tiene en cuenta las necesidades de la gente, pues, hoy se destinan r\u00e1pidamente millones de d\u00f3lares para reformar aeropuertos y comprar aviones de guerra a favor de la Fuerza A\u00e9rea Argentina, con lo cual, queda en evidencia, que el sector energ\u00e9tico, as\u00ed como el ambiental, \u201cno se encuentran dentro de la Agenda del Estado Nacional\u201d.<\/p>\n","protected":false},"excerpt":{"rendered":"<p>-La Empresa pidi\u00f3 mayores incrementos en el transporte energ\u00e9tico, que impactar\u00e1n en las facturas que pagan los usuarios residenciales y comerciales, con actualizaciones mensuales, como as\u00ed tambi\u00e9n, \u201cplante\u00f3, en base a un listado de equipamientos a adquirir y obras a realizar en la Regi\u00f3n NEA, la necesidad de que le ingresen 44 mil millones de [&hellip;]<\/p>\n","protected":false},"author":1,"featured_media":16028,"comment_status":"closed","ping_status":"closed","sticky":false,"template":"","format":"standard","meta":{"footnotes":""},"categories":[1],"tags":[],"class_list":["post-16027","post","type-post","status-publish","format-standard","has-post-thumbnail","hentry","category-noticias"],"_links":{"self":[{"href":"https:\/\/defensoriaformosa.gob.ar\/index.php?rest_route=\/wp\/v2\/posts\/16027","targetHints":{"allow":["GET"]}}],"collection":[{"href":"https:\/\/defensoriaformosa.gob.ar\/index.php?rest_route=\/wp\/v2\/posts"}],"about":[{"href":"https:\/\/defensoriaformosa.gob.ar\/index.php?rest_route=\/wp\/v2\/types\/post"}],"author":[{"embeddable":true,"href":"https:\/\/defensoriaformosa.gob.ar\/index.php?rest_route=\/wp\/v2\/users\/1"}],"replies":[{"embeddable":true,"href":"https:\/\/defensoriaformosa.gob.ar\/index.php?rest_route=%2Fwp%2Fv2%2Fcomments&post=16027"}],"version-history":[{"count":1,"href":"https:\/\/defensoriaformosa.gob.ar\/index.php?rest_route=\/wp\/v2\/posts\/16027\/revisions"}],"predecessor-version":[{"id":16029,"href":"https:\/\/defensoriaformosa.gob.ar\/index.php?rest_route=\/wp\/v2\/posts\/16027\/revisions\/16029"}],"wp:featuredmedia":[{"embeddable":true,"href":"https:\/\/defensoriaformosa.gob.ar\/index.php?rest_route=\/wp\/v2\/media\/16028"}],"wp:attachment":[{"href":"https:\/\/defensoriaformosa.gob.ar\/index.php?rest_route=%2Fwp%2Fv2%2Fmedia&parent=16027"}],"wp:term":[{"taxonomy":"category","embeddable":true,"href":"https:\/\/defensoriaformosa.gob.ar\/index.php?rest_route=%2Fwp%2Fv2%2Fcategories&post=16027"},{"taxonomy":"post_tag","embeddable":true,"href":"https:\/\/defensoriaformosa.gob.ar\/index.php?rest_route=%2Fwp%2Fv2%2Ftags&post=16027"}],"curies":[{"name":"wp","href":"https:\/\/api.w.org\/{rel}","templated":true}]}}