{"id":16020,"date":"2025-02-22T16:41:36","date_gmt":"2025-02-22T19:41:36","guid":{"rendered":"https:\/\/defensoriaformosa.gob.ar\/?p=16020"},"modified":"2025-02-22T16:41:36","modified_gmt":"2025-02-22T19:41:36","slug":"la-defensoria-del-pueblo-y-transnea-coordinan-acciones-para-que-se-reponga-la-interconexion-guarambare-clorinda","status":"publish","type":"post","link":"https:\/\/defensoriaformosa.gob.ar\/?p=16020","title":{"rendered":"LA DEFENSOR\u00cdA DEL PUEBLO Y TRANSNEA COORDINAN ACCIONES PARA QUE SE REPONGA LA INTERCONEXI\u00d3N GUARAMBAR\u00c9-CLORINDA"},"content":{"rendered":"<p><strong>-Gialluca se\u00f1al\u00f3 que, hemos solicitado al Gobierno Nacional y a CAMMESA que \u201cinviertan en las obras indispensables y necesarias que permitir\u00e1n, cerrar el anillo energ\u00e9tico con la Central Hidroel\u00e9ctrica de Yacyret\u00e1\u201d, siendo esta la soluci\u00f3n de fondo, para que terminen los colapsos de tensi\u00f3n en el NEA, junto a otros emprendimientos. Inform\u00f3 adem\u00e1s que, el pr\u00f3ximo martes 25 participaremos de la Audiencia P\u00fablica para la revisi\u00f3n tarifaria de los costos del transporte energ\u00e9ticos y tambi\u00e9n estaremos presentes en el Congreso de la Naci\u00f3n en la Comisi\u00f3n de Defensa del Consumidor, del Usuario y de la Competencia, presidida por Yutrovic, Carolina, donde exigiremos que se traten los Proyectos Tarifa Regional Diferenciada, para el Norte Argentino, as\u00ed como \u201clas inversiones a cargo del Gobierno Nacional para mejorar el sistema energ\u00e9tico del NEA \u2013 NOA\u201d-<\/strong><\/p>\n<p><!--more--><\/p>\n<p>El Gerente de Operaciones Ing. Gustavo A. Paredes, junto al Ing. El\u00e9ctrico Juan Ignacio Landa y el Representante Legal Dr. Rafael Canteros, por la empresa TRANSNEA S.A., se reunieron con el Defensor del Pueblo Dr. Jos\u00e9 Leonardo Gialluca, el Secretario Letrado Dr. Jos\u00e9 Porfirio Garc\u00eda, y Asesores Legales, para evaluar la actual situaci\u00f3n de generaci\u00f3n, transporte y distribuci\u00f3n energ\u00e9tica a nivel nacional, la cual impacta, en el servicio que la firma REFSA S.A. brinda a los usuarios en nuestra provincia, dentro del marco de la actual emergencia energ\u00e9tica declarada a trav\u00e9s del Decreto N\u00ba 1023\/24 en medio de una \u201ccrisis estructural que atraviesa el sector, agravada por la absoluta falta de inversiones decidida por el Gobierno Nacional desde el Ministerio de Econom\u00eda y\u00a0 la Secretar\u00eda de Energ\u00eda\u201d, lo cual viene originando graves colapsos de tensi\u00f3n que, producen cortes energ\u00e9ticos, altas y bajas, adem\u00e1s de los da\u00f1os y perjuicios que sufren los electrodom\u00e9sticos en cada hogar. Paredes explic\u00f3 que la Interconexi\u00f3n Guarambar\u00e9-Clorinda, de estar disponible, permitir\u00eda una mejora en el servicio, ya que separar\u00eda la demanda de energ\u00eda en dos partes. Una alimentada desde el Sistema Argentino de Interconexi\u00f3n (SADI) y la otra desde Paraguay, abarcando las ciudades de Clorinda, Laguna Blanca y G\u00fcemes, entre otras, todas ubicadas sobre la Ruta Nacional N\u00b0 86. Actualmente ambos sistemas, argentino y paraguayo, no pueden vincularse el\u00e9ctricamente para trabajar en paralelo, debido a los niveles de tensi\u00f3n, aclarando que, en relaci\u00f3n a este punto, existe hace varios a\u00f1os un proyecto, en manos de CAMMESA, para construir entre Formosa y Asunci\u00f3n una l\u00ednea de 500 Kw, lo que permitir\u00eda el funcionamiento de la interconexi\u00f3n y de esta manera se cerrar\u00eda el anillo energ\u00e9tico con la Central Hidroel\u00e9ctrica Yacyret\u00e1, siendo \u00e9sta, la soluci\u00f3n de fondo a los problemas de colapsos de tensi\u00f3n y cuya construcci\u00f3n debe decidir el Gobierno Nacional en beneficio de los usuarios del NEA.<\/p>\n<p>En este sentido, a\u00f1adi\u00f3 que CAMMESA tiene bien identificados los tres nodos de vinculaci\u00f3n con Paraguay: Yacyret\u00e1 500 Kw, Encarnaci\u00f3n y El Dorado 132 Kw y Clorinda-Guarambar\u00e9 220Kw. Asimismo, se\u00f1ala que la l\u00ednea Clorinda- Guarambar\u00e9 no se halla disponible actualmente, ya que el sistema estructural de la Torre 80 no est\u00e1 en condiciones \u00f3ptimas. Esta es una torre met\u00e1lica de 80 mts de alto, que tiene como base cuatro patas de hormig\u00f3n, a su vez pilotines de 20mts hacia abajo hasta encontrar suelo rocoso. Al momento de su construcci\u00f3n en la d\u00e9cada del noventa, era terreno firme, pero desde aquel tiempo a esta parte, el r\u00edo avanz\u00f3 sobre la misma. Es por ello que el proyecto actual, contempla desmontar esa estructura, colocar una nueva, reemplazar los cables conductores por otros m\u00e1s livianos con capacidad t\u00e9rmica, adem\u00e1s de un tratamiento de suelos y acondicionar el acceso para llevar a cabo la obra, dado que el camino es en un 70% rural y propenso a inundaciones. A\u00f1ade que Guarambar\u00e9- Clorinda podr\u00eda aportar 70 Mw, considerando que era una l\u00ednea que funcionaba como \u201crespaldo o reserva\u201d. Sobre el estado del proyecto, explic\u00f3 que fue licitado en el a\u00f1o 2023, pero, en la actualidad se encuentra suspendido por el actual Gobierno Nacional, quien alude la falta de fondos para este emprendimiento.<\/p>\n<p>No obstante, lo cual, remarca la intenci\u00f3n de TRANSNEA S.A. de continuar bregando por la reactivaci\u00f3n del mismo ya que considera muy necesario que se concrete. Por otro lado, agreg\u00f3 que, dentro de los -Planes de Desarrollo Energ\u00e9tico-, tambi\u00e9n se considera instalar equipos, mejoradores de los factores de potencia, como lo constituye una l\u00ednea de 132 Kw en la Estaci\u00f3n Gran Formosa- Ibarreta, que refuerce la columna vertebral del transporte energ\u00e9tico, tambi\u00e9n se contemplan proyectos foto-voltaicos (instalaciones que usan paneles solares para generar electricidad a partir de la luz del sol) en zonas como Ing. Ju\u00e1rez y cercanas a Las Lomitas, para mejorar la calidad del servicio en toda la provincia, los que ya est\u00e1n siendo concretados por -MSU Green Energy-\u00a0con la construcci\u00f3n de un parque solar, que forma parte de un plan m\u00e1s amplio, para fortalecer la matriz energ\u00e9tica del pa\u00eds con fuentes renovables y que beneficiar\u00e1 a los usuarios residenciales, comerciales y pymes de nuestra provincia.<\/p>\n<p>&nbsp;<\/p>\n","protected":false},"excerpt":{"rendered":"<p>-Gialluca se\u00f1al\u00f3 que, hemos solicitado al Gobierno Nacional y a CAMMESA que \u201cinviertan en las obras indispensables y necesarias que permitir\u00e1n, cerrar el anillo energ\u00e9tico con la Central Hidroel\u00e9ctrica de Yacyret\u00e1\u201d, siendo esta la soluci\u00f3n de fondo, para que terminen los colapsos de tensi\u00f3n en el NEA, junto a otros emprendimientos. Inform\u00f3 adem\u00e1s que, el [&hellip;]<\/p>\n","protected":false},"author":1,"featured_media":16021,"comment_status":"closed","ping_status":"closed","sticky":false,"template":"","format":"standard","meta":{"footnotes":""},"categories":[1],"tags":[],"class_list":["post-16020","post","type-post","status-publish","format-standard","has-post-thumbnail","hentry","category-noticias"],"_links":{"self":[{"href":"https:\/\/defensoriaformosa.gob.ar\/index.php?rest_route=\/wp\/v2\/posts\/16020","targetHints":{"allow":["GET"]}}],"collection":[{"href":"https:\/\/defensoriaformosa.gob.ar\/index.php?rest_route=\/wp\/v2\/posts"}],"about":[{"href":"https:\/\/defensoriaformosa.gob.ar\/index.php?rest_route=\/wp\/v2\/types\/post"}],"author":[{"embeddable":true,"href":"https:\/\/defensoriaformosa.gob.ar\/index.php?rest_route=\/wp\/v2\/users\/1"}],"replies":[{"embeddable":true,"href":"https:\/\/defensoriaformosa.gob.ar\/index.php?rest_route=%2Fwp%2Fv2%2Fcomments&post=16020"}],"version-history":[{"count":1,"href":"https:\/\/defensoriaformosa.gob.ar\/index.php?rest_route=\/wp\/v2\/posts\/16020\/revisions"}],"predecessor-version":[{"id":16022,"href":"https:\/\/defensoriaformosa.gob.ar\/index.php?rest_route=\/wp\/v2\/posts\/16020\/revisions\/16022"}],"wp:featuredmedia":[{"embeddable":true,"href":"https:\/\/defensoriaformosa.gob.ar\/index.php?rest_route=\/wp\/v2\/media\/16021"}],"wp:attachment":[{"href":"https:\/\/defensoriaformosa.gob.ar\/index.php?rest_route=%2Fwp%2Fv2%2Fmedia&parent=16020"}],"wp:term":[{"taxonomy":"category","embeddable":true,"href":"https:\/\/defensoriaformosa.gob.ar\/index.php?rest_route=%2Fwp%2Fv2%2Fcategories&post=16020"},{"taxonomy":"post_tag","embeddable":true,"href":"https:\/\/defensoriaformosa.gob.ar\/index.php?rest_route=%2Fwp%2Fv2%2Ftags&post=16020"}],"curies":[{"name":"wp","href":"https:\/\/api.w.org\/{rel}","templated":true}]}}