{"id":16005,"date":"2025-02-17T10:27:32","date_gmt":"2025-02-17T13:27:32","guid":{"rendered":"https:\/\/defensoriaformosa.gob.ar\/?p=16005"},"modified":"2025-02-18T10:30:15","modified_gmt":"2025-02-18T13:30:15","slug":"el-gobierno-nacional-de-javier-milei-fue-calificado-con-un-pesimo-puntaje-segun-el-indice-de-percepcion-de-la-corrupcion-2024","status":"publish","type":"post","link":"https:\/\/defensoriaformosa.gob.ar\/?p=16005","title":{"rendered":"EL GOBIERNO NACIONAL DE JAVIER MILEI FUE CALIFICADO CON UN P\u00c9SIMO PUNTAJE, SEG\u00daN EL \u00cdNDICE DE PERCEPCI\u00d3N DE LA CORRUPCI\u00d3N 2024"},"content":{"rendered":"<p><strong>-Actualmente la Argentina se encuentra entre los pa\u00edses latinoamericanos con peores resultados en transparencia, un estudio sobre calidad institucional sostiene que Javier Milei posee el mismo p\u00e9simo puntaje de corrupci\u00f3n que Alberto Fern\u00e1ndez, desde el Organismo de la Constituci\u00f3n Provincial, haciendo uso del Convenio de Cooperaci\u00f3n con la Agencia de Acceso a la Informaci\u00f3n P\u00fablica, a cargo de Beatriz de Anchorena, se le peticion\u00f3 antecedentes del a\u00f1o 2024 y de lo que va del presente, sobre decisiones y acciones del Gobierno Nacional que hayan restringido el derecho al acceso a la informaci\u00f3n p\u00fablica de ciudadanos argentinos-<\/strong><\/p>\n<p><!--more--><\/p>\n<p>Desde la Defensor\u00eda del Pueblo de la Provincia de Formosa, se se\u00f1al\u00f3 que, el actual Gobierno Nacional de Javier Milei, a 41 a\u00f1os de haberse recuperado la democracia en nuestro pa\u00eds, luego de a\u00f1os de cruentos gobiernos militares, nos encontramos llamativamente con un gobierno elegido democr\u00e1ticamente, pero que ha originado en poco m\u00e1s de un a\u00f1o, el mayor n\u00famero de conflictos de intereses en nuestra sociedad, abarcando \u00e1reas tan diversas como la salud, educaci\u00f3n, jubilaciones, servicios p\u00fablicos, entre otras, anulando el Congreso, sin la posibilidad de que se designe, por ejemplo, a un Defensor del Pueblo de la Naci\u00f3n y produciendo \u201cpreocupaci\u00f3n y pedidos de transparencia hasta por la propia Uni\u00f3n Industrial Argentina (UIA) en el proceso de licitaci\u00f3n de la Hidrov\u00eda Paran\u00e1 \u2013 Paraguay\u201d.<\/p>\n<p>El Ombudsman Provincial, Dr. Jos\u00e9 Leonardo Gialluca, a\u00f1adi\u00f3 que, el Director del Observatorio de la Calidad Institucional de la Escuela de Gobierno de la Universidad Austral, Marcelo Bermol\u00e9n, examin\u00f3 los resultados del \u00edndice de Percepci\u00f3n de la Corrupci\u00f3n 2024, elaborado por la ONG Transparencia Internacional (TI) que muestran que el presidente Javier Milei posee el mismo puntaje de corrupci\u00f3n que el exmandatario Alberto Fern\u00e1ndez, con 37 puntos, y cifras similares al segundo mandato de Cristina Fern\u00e1ndez de Kirchner (35 puntos), situaci\u00f3n que refleja un grave retroceso en la lucha contra la corrupci\u00f3n, especialmente considerando las promesas de transparencia del actual gobierno. A su vez, tanto la Oficina Anticorrupci\u00f3n (OA) a cargo del Dr. Alejandro Meliky y la Unidad de Informaci\u00f3n Financiera (UIF) que preside el Dr. Ignacio Mart\u00edn Yacobucci, siguen sin mostrar independencia alguna. De esta manera, Argentina sigue figurando entre los pa\u00edses m\u00e1s rezagados de Am\u00e9rica Latina, muy por debajo de naciones con alto nivel de transparencia como Uruguay (76 puntos) y Chile (63 puntos).<\/p>\n<p>El Director del Observatorio tambi\u00e9n mencion\u00f3 las debilidades en las pol\u00edticas anticorrupci\u00f3n del actual gobierno, se\u00f1alando que, la Oficina Anticorrupci\u00f3n (OA) carece de independencia y eficacia, y critic\u00f3 la falta de un proyecto s\u00f3lido para reformar la \u00e9tica p\u00fablica. Adem\u00e1s, denunci\u00f3 que el Gobierno Nacional pidi\u00f3 retirar a la OA y a la Unidad de Informaci\u00f3n Financiera (UIF) de todas las causas judiciales en las que participaban como querellantes por delitos cometidos en perjuicio del Estado, haciendo notar que adem\u00e1s se han puesto restricciones a la implementaci\u00f3n de la Ley N\u00ba 27.275 de acceso a la informaci\u00f3n p\u00fablica, mediante decreto lo que va en contra de los principios de transparencia. Por \u00faltimo, Bermol\u00e9n lanz\u00f3 un llamado de atenci\u00f3n sobre el potencial deterioro institucional en 2025, con advertencias sobre la falta de rendici\u00f3n de cuentas y el ataque a la libertad de expresi\u00f3n. Seg\u00fan el director del Observatorio, el Gobierno de Javier Milei podr\u00eda profundizar el socavamiento de principios republicanos esenciales.<\/p>\n","protected":false},"excerpt":{"rendered":"<p>-Actualmente la Argentina se encuentra entre los pa\u00edses latinoamericanos con peores resultados en transparencia, un estudio sobre calidad institucional sostiene que Javier Milei posee el mismo p\u00e9simo puntaje de corrupci\u00f3n que Alberto Fern\u00e1ndez, desde el Organismo de la Constituci\u00f3n Provincial, haciendo uso del Convenio de Cooperaci\u00f3n con la Agencia de Acceso a la Informaci\u00f3n P\u00fablica, [&hellip;]<\/p>\n","protected":false},"author":1,"featured_media":16006,"comment_status":"closed","ping_status":"closed","sticky":false,"template":"","format":"standard","meta":{"footnotes":""},"categories":[1],"tags":[],"class_list":["post-16005","post","type-post","status-publish","format-standard","has-post-thumbnail","hentry","category-noticias"],"_links":{"self":[{"href":"https:\/\/defensoriaformosa.gob.ar\/index.php?rest_route=\/wp\/v2\/posts\/16005","targetHints":{"allow":["GET"]}}],"collection":[{"href":"https:\/\/defensoriaformosa.gob.ar\/index.php?rest_route=\/wp\/v2\/posts"}],"about":[{"href":"https:\/\/defensoriaformosa.gob.ar\/index.php?rest_route=\/wp\/v2\/types\/post"}],"author":[{"embeddable":true,"href":"https:\/\/defensoriaformosa.gob.ar\/index.php?rest_route=\/wp\/v2\/users\/1"}],"replies":[{"embeddable":true,"href":"https:\/\/defensoriaformosa.gob.ar\/index.php?rest_route=%2Fwp%2Fv2%2Fcomments&post=16005"}],"version-history":[{"count":1,"href":"https:\/\/defensoriaformosa.gob.ar\/index.php?rest_route=\/wp\/v2\/posts\/16005\/revisions"}],"predecessor-version":[{"id":16007,"href":"https:\/\/defensoriaformosa.gob.ar\/index.php?rest_route=\/wp\/v2\/posts\/16005\/revisions\/16007"}],"wp:featuredmedia":[{"embeddable":true,"href":"https:\/\/defensoriaformosa.gob.ar\/index.php?rest_route=\/wp\/v2\/media\/16006"}],"wp:attachment":[{"href":"https:\/\/defensoriaformosa.gob.ar\/index.php?rest_route=%2Fwp%2Fv2%2Fmedia&parent=16005"}],"wp:term":[{"taxonomy":"category","embeddable":true,"href":"https:\/\/defensoriaformosa.gob.ar\/index.php?rest_route=%2Fwp%2Fv2%2Fcategories&post=16005"},{"taxonomy":"post_tag","embeddable":true,"href":"https:\/\/defensoriaformosa.gob.ar\/index.php?rest_route=%2Fwp%2Fv2%2Ftags&post=16005"}],"curies":[{"name":"wp","href":"https:\/\/api.w.org\/{rel}","templated":true}]}}