{"id":15995,"date":"2025-02-13T20:49:39","date_gmt":"2025-02-13T23:49:39","guid":{"rendered":"https:\/\/defensoriaformosa.gob.ar\/?p=15995"},"modified":"2025-02-13T20:49:39","modified_gmt":"2025-02-13T23:49:39","slug":"la-inflacion-del-indec-no-se-aprecia-ni-en-las-gondolas-y-menos-aun-en-la-capacidad-adquisitiva-de-los-consumidores","status":"publish","type":"post","link":"https:\/\/defensoriaformosa.gob.ar\/?p=15995","title":{"rendered":"LA INFLACI\u00d3N DEL INDEC NO SE APRECIA NI EN LAS G\u00d3NDOLAS Y MENOS A\u00daN EN LA CAPACIDAD ADQUISITIVA DE LOS CONSUMIDORES"},"content":{"rendered":"<p><strong>-No se pone en duda la veracidad de los datos del INDEC, \u00fanicamente se cuestiona la metodolog\u00eda, toda vez que esta inflaci\u00f3n no es representativa de los aumentos que implican mayores gastos a los consumidores, por ello desde la Defensor\u00eda del Pueblo, vamos a solicitar que se corrija esta situaci\u00f3n y as\u00ed obtener cifras que reflejen la realidad, dado que las diferencias son significativas-<\/strong><\/p>\n<p><!--more--><\/p>\n<p>El Defensor del Pueblo Dr. Jos\u00e9 Leonardo Gialluca, sostuvo que la inflaci\u00f3n del 2,2 % de enero publicada por el INDEC no se refleja en la capacidad de consumo de los asalariados p\u00fablicos ni privados. Si bien, desde el Gobierno Nacional se afirma que los salarios registrados son m\u00e1s altos respecto de los \u00faltimos meses del 2023, esto no se aprecia en los diversos datos de consumo que muestran fuertes ca\u00eddas en l\u00e1cteos, carne, yerba mate y otros. La respuesta a esta situaci\u00f3n est\u00e1 en \u201cla forma que se mide la inflaci\u00f3n, pues esta implica una subponderaci\u00f3n del peso de los servicios\u201d. Si examinamos la inflaci\u00f3n desde la asunci\u00f3n del actual Gobierno Nacional, esta deber\u00eda ser de un 8,5% superior o m\u00e1s, lo que equivale a 22 puntos porcentuales m\u00e1s.<\/p>\n<p>La gran diferencia, entre lo te\u00f3rico y lo que sucede en la realidad que viven los consumidores, es que la medici\u00f3n de la inflaci\u00f3n del INDEC, no es representativa de los verdaderos consumos de la gente, porque adem\u00e1s no tiene en consideraci\u00f3n el peso de los servicios como los de energ\u00eda el\u00e9ctrica, agua, gas, comunicaciones, transporte entre otros.<\/p>\n","protected":false},"excerpt":{"rendered":"<p>-No se pone en duda la veracidad de los datos del INDEC, \u00fanicamente se cuestiona la metodolog\u00eda, toda vez que esta inflaci\u00f3n no es representativa de los aumentos que implican mayores gastos a los consumidores, por ello desde la Defensor\u00eda del Pueblo, vamos a solicitar que se corrija esta situaci\u00f3n y as\u00ed obtener cifras que [&hellip;]<\/p>\n","protected":false},"author":1,"featured_media":15996,"comment_status":"closed","ping_status":"closed","sticky":false,"template":"","format":"standard","meta":{"footnotes":""},"categories":[1],"tags":[],"class_list":["post-15995","post","type-post","status-publish","format-standard","has-post-thumbnail","hentry","category-noticias"],"_links":{"self":[{"href":"https:\/\/defensoriaformosa.gob.ar\/index.php?rest_route=\/wp\/v2\/posts\/15995","targetHints":{"allow":["GET"]}}],"collection":[{"href":"https:\/\/defensoriaformosa.gob.ar\/index.php?rest_route=\/wp\/v2\/posts"}],"about":[{"href":"https:\/\/defensoriaformosa.gob.ar\/index.php?rest_route=\/wp\/v2\/types\/post"}],"author":[{"embeddable":true,"href":"https:\/\/defensoriaformosa.gob.ar\/index.php?rest_route=\/wp\/v2\/users\/1"}],"replies":[{"embeddable":true,"href":"https:\/\/defensoriaformosa.gob.ar\/index.php?rest_route=%2Fwp%2Fv2%2Fcomments&post=15995"}],"version-history":[{"count":1,"href":"https:\/\/defensoriaformosa.gob.ar\/index.php?rest_route=\/wp\/v2\/posts\/15995\/revisions"}],"predecessor-version":[{"id":15997,"href":"https:\/\/defensoriaformosa.gob.ar\/index.php?rest_route=\/wp\/v2\/posts\/15995\/revisions\/15997"}],"wp:featuredmedia":[{"embeddable":true,"href":"https:\/\/defensoriaformosa.gob.ar\/index.php?rest_route=\/wp\/v2\/media\/15996"}],"wp:attachment":[{"href":"https:\/\/defensoriaformosa.gob.ar\/index.php?rest_route=%2Fwp%2Fv2%2Fmedia&parent=15995"}],"wp:term":[{"taxonomy":"category","embeddable":true,"href":"https:\/\/defensoriaformosa.gob.ar\/index.php?rest_route=%2Fwp%2Fv2%2Fcategories&post=15995"},{"taxonomy":"post_tag","embeddable":true,"href":"https:\/\/defensoriaformosa.gob.ar\/index.php?rest_route=%2Fwp%2Fv2%2Ftags&post=15995"}],"curies":[{"name":"wp","href":"https:\/\/api.w.org\/{rel}","templated":true}]}}