{"id":15991,"date":"2025-02-13T20:44:37","date_gmt":"2025-02-13T23:44:37","guid":{"rendered":"https:\/\/defensoriaformosa.gob.ar\/?p=15991"},"modified":"2025-02-13T20:44:37","modified_gmt":"2025-02-13T23:44:37","slug":"advierten-que-el-consumo-masivo-volvio-a-caer-en-el-mes-de-enero-evidenciandose-una-crisis-economica-profunda","status":"publish","type":"post","link":"https:\/\/defensoriaformosa.gob.ar\/?p=15991","title":{"rendered":"ADVIERTEN QUE EL CONSUMO MASIVO VOLVIO A CAER EN EL MES DE ENERO EVIDENCIANDOSE UNA CRISIS ECONOMICA PROFUNDA  \u00a0"},"content":{"rendered":"<p><strong>-Si bien las tasas de pobreza e indigencia bajan, desde la UCA se recomend\u00f3, \u201cno sobrestimar este descenso, ya que dentro del promedio general se esconden realidades preocupantes, como una profundizaci\u00f3n de las desigualdades sociales y regionales, adem\u00e1s del impacto en la ca\u00edda del consumo de la poblaci\u00f3n, que implic\u00f3 el aumento de las tarifas de servicios p\u00fablicos, por encima de la inflaci\u00f3n general\u201d. Existen, adem\u00e1s, fundadas razones para sostener que se est\u00e1 sobrestimando la ca\u00edda de la pobreza en un contexto de cambios significativos en el sistema de precios, que no se refleja en una mayor capacidad de consumo de los hogares, destac\u00e1ndose que todav\u00eda 4 de cada 10 personas son pobres y que, entre ellos, m\u00e1s de 5 de cada 10 son ni\u00f1os, a la vez que 1 de cada 10 personas sufre pobreza extrema-<\/strong><\/p>\n<p><!--more--><\/p>\n<p>Desde la -Direcci\u00f3n de Usuarios, Consumidores y Relaciones de Consumo- de la Defensor\u00eda del Pueblo de la Provincia de Formosa, se denunci\u00f3 que, el consumo masivo volvi\u00f3 a caer en este mes de enero y el mismo se mantendr\u00eda hasta abril del corriente a\u00f1o. Luego de un a\u00f1o con ca\u00eddas mensuales que rondaron el 20%, el consumo masivo disminuy\u00f3 entre el 5 y 7% interanual en enero. Las ventas en supermercados volvieron a caer en enero frente al mismo mes del 2024, el cual ya de por s\u00ed fue muy malo por la escalada inflacionaria que se registr\u00f3 en los dos primeros meses del Gobierno de Javier Milei (25,5% en diciembre y 20,6% en enero). En contraste, las ventas minoristas en PYMES relevadas por la Confederaci\u00f3n Argentina de la Mediana Empresa (CAME) mostraron un rebote interanual del 25,5% en enero. Sin embargo, este dato no es motivo de festejo, ya que no logra compensar el desplome del 28,5% sufrido en enero de 2024. Seg\u00fan la misma CAME, las ventas siguen estando un 10,2% por debajo del nivel de enero de 2023. El Ombudsman Provincial, Dr. Jos\u00e9 Leonardo Gialluca, se\u00f1al\u00f3 que los consumidores ajustan cada d\u00eda m\u00e1s sus presupuestos, a pesar de que la inflaci\u00f3n medida por el INDEC comenz\u00f3 a desacelerarse, los hogares no logran recuperar su poder adquisitivo, y el motivo o causa se encuentra, en el crecimiento imparable de los gastos en servicios esenciales, energ\u00eda el\u00e9ctrica, agua potable, telefon\u00eda celular y fija, alquileres, prepagas y otros costos fijos siguen aumentando por encima del \u00cdndice de Precios al Consumidor (IPC) y absorben una porci\u00f3n cada vez mayor de los ingresos. Incluso aquellos trabajadores cuyos salarios lograron empatarle a la inflaci\u00f3n, se encuentran en la actualidad con menos dinero disponible para la compra de alimentos, productos de limpieza, higiene personal y otros bienes de primera necesidad.<\/p>\n<p>El Funcionario Provincial, a\u00f1adi\u00f3 que, adem\u00e1s de la baja del consumo masivo, otro dato alarmante es que las familias se est\u00e1n endeudando para las compras del d\u00eda a d\u00eda. Seg\u00fan informe del Instituto Nacional de Estad\u00edsticas y Censos (Indec) sobre las ventas en supermercados, el 47,5% de las transacciones totales se realizaron con tarjeta de cr\u00e9dito, se trata de una de las cifras m\u00e1s altas jam\u00e1s registradas (el promedio durante a\u00f1os fue en torno al 36%), por otra parte, un informe del Ipypp (Instituto de Pensamiento y Pol\u00edticas P\u00fablicas), advirti\u00f3 que el 41,4% de las personas, debi\u00f3 utilizar sus ahorros familiares, lo que significa un alza de 5,2% respecto a fines del 2023. A su vez, un 18% del total de la poblaci\u00f3n pidi\u00f3 pr\u00e9stamos a familiares o amigos y se registr\u00f3 el mayor crecimiento en la poblaci\u00f3n con pobreza extrema, que escal\u00f3 al 36%, tambi\u00e9n se incrementaron los pr\u00e9stamos de bancos o financieras 12,1% del total de la poblaci\u00f3n.<\/p>\n","protected":false},"excerpt":{"rendered":"<p>-Si bien las tasas de pobreza e indigencia bajan, desde la UCA se recomend\u00f3, \u201cno sobrestimar este descenso, ya que dentro del promedio general se esconden realidades preocupantes, como una profundizaci\u00f3n de las desigualdades sociales y regionales, adem\u00e1s del impacto en la ca\u00edda del consumo de la poblaci\u00f3n, que implic\u00f3 el aumento de las tarifas [&hellip;]<\/p>\n","protected":false},"author":1,"featured_media":15992,"comment_status":"closed","ping_status":"closed","sticky":false,"template":"","format":"standard","meta":{"footnotes":""},"categories":[1],"tags":[],"class_list":["post-15991","post","type-post","status-publish","format-standard","has-post-thumbnail","hentry","category-noticias"],"_links":{"self":[{"href":"https:\/\/defensoriaformosa.gob.ar\/index.php?rest_route=\/wp\/v2\/posts\/15991","targetHints":{"allow":["GET"]}}],"collection":[{"href":"https:\/\/defensoriaformosa.gob.ar\/index.php?rest_route=\/wp\/v2\/posts"}],"about":[{"href":"https:\/\/defensoriaformosa.gob.ar\/index.php?rest_route=\/wp\/v2\/types\/post"}],"author":[{"embeddable":true,"href":"https:\/\/defensoriaformosa.gob.ar\/index.php?rest_route=\/wp\/v2\/users\/1"}],"replies":[{"embeddable":true,"href":"https:\/\/defensoriaformosa.gob.ar\/index.php?rest_route=%2Fwp%2Fv2%2Fcomments&post=15991"}],"version-history":[{"count":1,"href":"https:\/\/defensoriaformosa.gob.ar\/index.php?rest_route=\/wp\/v2\/posts\/15991\/revisions"}],"predecessor-version":[{"id":15993,"href":"https:\/\/defensoriaformosa.gob.ar\/index.php?rest_route=\/wp\/v2\/posts\/15991\/revisions\/15993"}],"wp:featuredmedia":[{"embeddable":true,"href":"https:\/\/defensoriaformosa.gob.ar\/index.php?rest_route=\/wp\/v2\/media\/15992"}],"wp:attachment":[{"href":"https:\/\/defensoriaformosa.gob.ar\/index.php?rest_route=%2Fwp%2Fv2%2Fmedia&parent=15991"}],"wp:term":[{"taxonomy":"category","embeddable":true,"href":"https:\/\/defensoriaformosa.gob.ar\/index.php?rest_route=%2Fwp%2Fv2%2Fcategories&post=15991"},{"taxonomy":"post_tag","embeddable":true,"href":"https:\/\/defensoriaformosa.gob.ar\/index.php?rest_route=%2Fwp%2Fv2%2Ftags&post=15991"}],"curies":[{"name":"wp","href":"https:\/\/api.w.org\/{rel}","templated":true}]}}