{"id":15984,"date":"2025-02-10T19:27:02","date_gmt":"2025-02-10T22:27:02","guid":{"rendered":"https:\/\/defensoriaformosa.gob.ar\/?p=15984"},"modified":"2025-02-12T19:28:39","modified_gmt":"2025-02-12T22:28:39","slug":"en-el-record-de-consumo-electrico-en-argentina-el-nea-es-la-region-mas-afectada","status":"publish","type":"post","link":"https:\/\/defensoriaformosa.gob.ar\/?p=15984","title":{"rendered":"EN EL RECORD DE CONSUMO ELECTRICO EN ARGENTINA, EL NEA ES LA REGION MAS AFECTADA"},"content":{"rendered":"<p><strong>El Defensor del Pueblo Dr. Jos\u00e9 Leonardo Gialluca, se\u00f1al\u00f3 que, al superar este lunes 10 de febrero, la Argentina los 30.000 MW de demanda el\u00e9ctrica, las provincias del NEA y NOA, sufrieron colapsos de tensi\u00f3n y cortes. Brasil y Chile asistieron al sistema el\u00e9ctrico argentino con energ\u00eda y gas para evitar mayores cortes. <\/strong><\/p>\n<p><!--more--><\/p>\n<p>A su vez una encuesta determin\u00f3 que:<br \/>\n* 44% de los consultados prefiere que el Gobierno Nacional no aumente tarifas, aunque haya cortes de luz<br \/>\n* el 38% responsabiliza a las empresas<br \/>\n* 34% culpa al Gobierno Nacional actual<br \/>\n* 23 se\u00f1ala al Gobierno Nacional anterior<\/p>\n<p>A medida que pasen los d\u00edas, es probable que crezca la idea de que la responsabilidad es del actual Gobierno Nacional, porque se diluye la idea de la herencia.\u00a0 Adem\u00e1s, se destac\u00f3 que la principal preocupaci\u00f3n de los argentinos hoy no es la crisis energ\u00e9tica, sino la dificultad para llegar a fin de mes, algo que desplazo a la inflaci\u00f3n como el problema central en enero de 2025.<\/p>\n<p>El Gobierno de Javier Milei, se\u00f1ala que la problem\u00e1tica radica en el uso de aires acondicionados de baja eficiencia energ\u00e9tica, lo que sobrecarga el sistema en d\u00edas de calor extremo. Gialluca, afirm\u00f3 que la Secretaria de Energ\u00eda junto al Ministerio de Econom\u00eda de Naci\u00f3n, viven en una realidad, que no es la de los usuarios residenciales del Norte Argentino, y que la imprevisibilidad, sumada a la falta de voluntad pol\u00edtica y de inversiones, nos han llevado a esta lamentable situaci\u00f3n que continuar\u00e1 agrav\u00e1ndose.<\/p>\n","protected":false},"excerpt":{"rendered":"<p>El Defensor del Pueblo Dr. Jos\u00e9 Leonardo Gialluca, se\u00f1al\u00f3 que, al superar este lunes 10 de febrero, la Argentina los 30.000 MW de demanda el\u00e9ctrica, las provincias del NEA y NOA, sufrieron colapsos de tensi\u00f3n y cortes. Brasil y Chile asistieron al sistema el\u00e9ctrico argentino con energ\u00eda y gas para evitar mayores cortes.<\/p>\n","protected":false},"author":1,"featured_media":15986,"comment_status":"closed","ping_status":"closed","sticky":false,"template":"","format":"standard","meta":{"footnotes":""},"categories":[1],"tags":[],"class_list":["post-15984","post","type-post","status-publish","format-standard","has-post-thumbnail","hentry","category-noticias"],"_links":{"self":[{"href":"https:\/\/defensoriaformosa.gob.ar\/index.php?rest_route=\/wp\/v2\/posts\/15984","targetHints":{"allow":["GET"]}}],"collection":[{"href":"https:\/\/defensoriaformosa.gob.ar\/index.php?rest_route=\/wp\/v2\/posts"}],"about":[{"href":"https:\/\/defensoriaformosa.gob.ar\/index.php?rest_route=\/wp\/v2\/types\/post"}],"author":[{"embeddable":true,"href":"https:\/\/defensoriaformosa.gob.ar\/index.php?rest_route=\/wp\/v2\/users\/1"}],"replies":[{"embeddable":true,"href":"https:\/\/defensoriaformosa.gob.ar\/index.php?rest_route=%2Fwp%2Fv2%2Fcomments&post=15984"}],"version-history":[{"count":2,"href":"https:\/\/defensoriaformosa.gob.ar\/index.php?rest_route=\/wp\/v2\/posts\/15984\/revisions"}],"predecessor-version":[{"id":15987,"href":"https:\/\/defensoriaformosa.gob.ar\/index.php?rest_route=\/wp\/v2\/posts\/15984\/revisions\/15987"}],"wp:featuredmedia":[{"embeddable":true,"href":"https:\/\/defensoriaformosa.gob.ar\/index.php?rest_route=\/wp\/v2\/media\/15986"}],"wp:attachment":[{"href":"https:\/\/defensoriaformosa.gob.ar\/index.php?rest_route=%2Fwp%2Fv2%2Fmedia&parent=15984"}],"wp:term":[{"taxonomy":"category","embeddable":true,"href":"https:\/\/defensoriaformosa.gob.ar\/index.php?rest_route=%2Fwp%2Fv2%2Fcategories&post=15984"},{"taxonomy":"post_tag","embeddable":true,"href":"https:\/\/defensoriaformosa.gob.ar\/index.php?rest_route=%2Fwp%2Fv2%2Ftags&post=15984"}],"curies":[{"name":"wp","href":"https:\/\/api.w.org\/{rel}","templated":true}]}}