{"id":15981,"date":"2025-02-11T21:43:16","date_gmt":"2025-02-12T00:43:16","guid":{"rendered":"https:\/\/defensoriaformosa.gob.ar\/?p=15981"},"modified":"2025-02-11T21:43:16","modified_gmt":"2025-02-12T00:43:16","slug":"se-solicito-a-migraciones-deje-sin-efecto-la-disposicion-no-166-25-que-exime-a-las-empresas-de-transporte-de-solicitar-permisos-a-menores-de-edad-para-salir-o-entrar-al-pais","status":"publish","type":"post","link":"https:\/\/defensoriaformosa.gob.ar\/?p=15981","title":{"rendered":"SE SOLICITO A MIGRACIONES DEJE SIN EFECTO LA DISPOSICION N\u00ba 166\/25 QUE EXIME A LAS EMPRESAS DE TRANSPORTE DE SOLICITAR PERMISOS A MENORES DE EDAD PARA SALIR O ENTRAR AL PAIS"},"content":{"rendered":"<p><strong>-Se advirti\u00f3 que no es bueno quitar controles y m\u00e1s cuando se trata de ni\u00f1as\/os, adolescentes menores de 18 a\u00f1os, m\u00e1s a\u00fan en provincias fronterizas, pues, se est\u00e1 facilitando el accionar siempre marginal de organizaciones criminales que se dedican a la trata y secuestro infantil-<\/strong><\/p>\n<p><!--more--><\/p>\n<p>Desde las Direcciones de Ni\u00f1ez y Adolescencia \u2013 Trata de Personas de la Defensor\u00eda del Pueblo de la Provincia de Formosa, se Inst\u00f3 al Vicejefe de Gabinete del Interior, Lisandro Catal\u00e1n, como as\u00ed tambi\u00e9n al actual Director Nacional de Migraciones, Sebasti\u00e1n Pablo Seoane y a Ver\u00f3nica Toller, Directora Operativa del Comit\u00e9 Ejecutivo para la Lucha Contra de la Trata y Explotaci\u00f3n de Personas y para la Protecci\u00f3n y Asistencia a sus V\u00edctimas, adopten de manera urgente todas las medidas necesarias que garanticen los controles de las empresas de transportes en relaci\u00f3n a verificar la documentaci\u00f3n de menores de edad y evitar dejar \u00fanicamente en manos de migraciones las fiscalizaciones, con el objetivo de evitar graves delitos como lo son la trata y el tr\u00e1fico de personas. El Ombudsman Provincial, Dr. Jos\u00e9 Leonardo Gialluca, peticion\u00f3 al Director Nacional de Migraciones que deje sin efecto la Disposici\u00f3n N\u00ba 166\/25 que reemplaza las normativas que estaban vigentes y mediante las cuales las empresas de transporte de pasajeros internacionales estaban obligadas a constatar la identidad de ni\u00f1as\/os y adolescentes y la autorizaci\u00f3n de sus padres o tutores para viajar al exterior. Tambi\u00e9n deb\u00edan controlar la documentaci\u00f3n de residencia de los extranjeros que ingresaban y sal\u00edan del pa\u00eds, para luego ser presentados esos mismos elementos ante las ventanillas de migraciones. Con la nueva Disposici\u00f3n, los sectores privados no est\u00e1n obligados a requerir los antecedentes antes descriptos para los viajes internacionales, impactando esta medida no solo en los menores, sino tambi\u00e9n, en la validaci\u00f3n de la estad\u00eda de los extranjeros que ingresen y salen del territorio argentino, aplic\u00e1ndose la misma a todas las compa\u00f1\u00edas de transporte internacionales, ya sea terrestre, fluvial, mar\u00edtimo o a\u00e9reo que operen en los puntos internacionales autorizados.<\/p>\n<p>A t\u00edtulo de ejemplo, se denunci\u00f3 que, las empresas de micros de larga distancia en el exterior ya no tienen que solicitar documentos para salir del pa\u00eds, como tampoco el Certificado de Residencia (precaria, temporaria o permanente) y el Comprobante de Permanencia Autorizado. En lo que respecta a los permisos de viajes para menores, las empresas tampoco estar\u00e1n obligadas a requerir documentaci\u00f3n como la autorizaci\u00f3n emitida por un Funcionario Competente que acredite el v\u00ednculo con un menor o una Resoluci\u00f3n Judicial Certificada y Legalizada. Por \u00faltimo, desde el Organismo de la Constituci\u00f3n se afirm\u00f3 que no es bueno eliminar controles y m\u00e1s cuando se trata de ni\u00f1as\/os y adolescentes menores de 18 a\u00f1os que en zonas de frontera pueden ser v\u00edctimas de delitos como la trata de personas y secuestro infantil.<\/p>\n<p>Se a\u00f1adi\u00f3 que estos Instrumentos son funcionales para las empresas de transporte privadas, facilit\u00e1ndole todo lo que concierne a la venta de pasajes y les sacan la funci\u00f3n de controles cruzados conjuntamente con Migraciones, lo que obviamente facilita el accionar del crimen organizado, facilit\u00e1ndose la concreci\u00f3n de graves delitos, exponiendo a ni\u00f1os y adolescentes a un mayor riesgo sin necesidad alguna, siendo entonces el Estado Nacional el \u00fanico responsable de ahora en adelante en el debilitamiento de los controles de menores de edad en las fronteras.<\/p>\n","protected":false},"excerpt":{"rendered":"<p>-Se advirti\u00f3 que no es bueno quitar controles y m\u00e1s cuando se trata de ni\u00f1as\/os, adolescentes menores de 18 a\u00f1os, m\u00e1s a\u00fan en provincias fronterizas, pues, se est\u00e1 facilitando el accionar siempre marginal de organizaciones criminales que se dedican a la trata y secuestro infantil-<\/p>\n","protected":false},"author":1,"featured_media":15982,"comment_status":"closed","ping_status":"closed","sticky":false,"template":"","format":"standard","meta":{"footnotes":""},"categories":[1],"tags":[],"class_list":["post-15981","post","type-post","status-publish","format-standard","has-post-thumbnail","hentry","category-noticias"],"_links":{"self":[{"href":"https:\/\/defensoriaformosa.gob.ar\/index.php?rest_route=\/wp\/v2\/posts\/15981","targetHints":{"allow":["GET"]}}],"collection":[{"href":"https:\/\/defensoriaformosa.gob.ar\/index.php?rest_route=\/wp\/v2\/posts"}],"about":[{"href":"https:\/\/defensoriaformosa.gob.ar\/index.php?rest_route=\/wp\/v2\/types\/post"}],"author":[{"embeddable":true,"href":"https:\/\/defensoriaformosa.gob.ar\/index.php?rest_route=\/wp\/v2\/users\/1"}],"replies":[{"embeddable":true,"href":"https:\/\/defensoriaformosa.gob.ar\/index.php?rest_route=%2Fwp%2Fv2%2Fcomments&post=15981"}],"version-history":[{"count":1,"href":"https:\/\/defensoriaformosa.gob.ar\/index.php?rest_route=\/wp\/v2\/posts\/15981\/revisions"}],"predecessor-version":[{"id":15983,"href":"https:\/\/defensoriaformosa.gob.ar\/index.php?rest_route=\/wp\/v2\/posts\/15981\/revisions\/15983"}],"wp:featuredmedia":[{"embeddable":true,"href":"https:\/\/defensoriaformosa.gob.ar\/index.php?rest_route=\/wp\/v2\/media\/15982"}],"wp:attachment":[{"href":"https:\/\/defensoriaformosa.gob.ar\/index.php?rest_route=%2Fwp%2Fv2%2Fmedia&parent=15981"}],"wp:term":[{"taxonomy":"category","embeddable":true,"href":"https:\/\/defensoriaformosa.gob.ar\/index.php?rest_route=%2Fwp%2Fv2%2Fcategories&post=15981"},{"taxonomy":"post_tag","embeddable":true,"href":"https:\/\/defensoriaformosa.gob.ar\/index.php?rest_route=%2Fwp%2Fv2%2Ftags&post=15981"}],"curies":[{"name":"wp","href":"https:\/\/api.w.org\/{rel}","templated":true}]}}