{"id":15934,"date":"2025-01-22T06:28:16","date_gmt":"2025-01-22T09:28:16","guid":{"rendered":"https:\/\/defensoriaformosa.gob.ar\/?p=15934"},"modified":"2025-01-24T06:30:13","modified_gmt":"2025-01-24T09:30:13","slug":"nuevos-aumentos-en-las-tarifas-electricas-el-enre-convoco-a-audiencia-publica","status":"publish","type":"post","link":"https:\/\/defensoriaformosa.gob.ar\/?p=15934","title":{"rendered":"NUEVOS AUMENTOS EN LAS TARIFAS ELECTRICAS \u2013 EL ENRE CONVOCO A AUDIENCIA PUBLICA"},"content":{"rendered":"<p><strong>El Defensor del Pueblo de la Provincia de Formosa, Dr. Jos\u00e9 Leonardo Gialluca, indic\u00f3 que, mediante la Resoluci\u00f3n N\u00ba 74\/2025 del Ente Nacional Regulador de la Electricidad (ENRE), el Gobierno nacional, anunci\u00f3 la convocatoria a una Audiencia P\u00fablica para analizar las propuestas de ajuste en los costos presentadas por las empresas de transporte de energ\u00eda el\u00e9ctrica, en el marco de la Revisi\u00f3n Quinquenal de Tarifas (RQT) correspondiente al per\u00edodo 2025-2029, encontr\u00e1ndose involucradas en la revisi\u00f3n tarifaria las siguientes empresas: TRANSNEA S.A.; TRANSNOA S.A.; TRANSENER S.A.; TRANSBA S.A.; TRANSPA S.A.; DISTROCUYO S.A.; EPEN; TRANSCOMAHUE SA. La misma tendr\u00e1 lugar el pr\u00f3ximo 25 de febrero a las 8:30 horas y se llevar\u00e1 a cabo de manera virtual a trav\u00e9s de una plataforma digital. Adem\u00e1s, su desarrollo podr\u00e1 ser seguido en simult\u00e1neo mediante transmisi\u00f3n en streaming.<\/strong><\/p>\n<p><!--more--><\/p>\n<p>El Ombudsman Provincial, adelant\u00f3 que, el Organismo de la Constituci\u00f3n a su cargo, se inscribir\u00e1 y participar\u00e1 de la misma, en defensa de los derechos de todos los usuarios de nuestra jurisdicci\u00f3n, solicitando que el precio de la tarifa de energ\u00eda el\u00e9ctrica sea razonable, accesible, justo y no confiscatorio, as\u00ed como adem\u00e1s, se exigir\u00e1 conocer los planes de inversi\u00f3n de las empresas, sus ganancias, sanciones por incumplimientos y establecer par\u00e1metros de calidad de este servicio p\u00fablico esencial para los pr\u00f3ximos a\u00f1os, pudiendo hacerlo tambi\u00e9n, personas f\u00edsicas y jur\u00eddicas con inter\u00e9s en el tema, registr\u00e1ndose en el Registro de Participantes habilitado desde el 8 hasta el 22 de febrero de 2025 en la web del ENRE.<\/p>\n<p>Los interesados podr\u00e1n presentar exposiciones orales y adjuntar documentaci\u00f3n de respaldo, siendo que cada persona f\u00edsica tendr\u00e1 derecho a una intervenci\u00f3n oral de 5 minutos, mientras que los representantes de organizaciones y entidades interesadas contar\u00e1n con 10 minutos para plantear su punto de vista. Gialluca record\u00f3 que, estas empresas durante el 2024 se vieron beneficiadas con incrementos promedios superiores al 400% en las tarifas, autorizadas desde la Secretaria de Energ\u00eda de Naci\u00f3n, continu\u00e1ndose con m\u00e1s aumentos en el 2025, bajo el criterio, de que estos ajustes acompa\u00f1en a la inflaci\u00f3n, pero en la pr\u00e1ctica, los incrementos tarifarios fueron superiores al 117,80% porcentaje de inflaci\u00f3n anual seg\u00fan el INDEC.<\/p>\n<p>Audiencia P\u00fablica para definir nuevos aumentos en el Gas: Por otra parte, se se\u00f1al\u00f3 que, el Gobierno Nacional convoc\u00f3 a audiencia p\u00fablica para definir los nuevos aumentos en el gas, en fecha 6 de febrero, a trav\u00e9s de la Resoluci\u00f3n N\u00ba 16\/2025 del Ente Nacional Regulador del Gas (ENARGAS) publicada en el Bolet\u00edn Oficial, para definir el sistema de actualizaci\u00f3n de las tarifas. Esto contempla, principalmente, los costos en el transporte y la distribuci\u00f3n de este servicio b\u00e1sico. Los temas m\u00e1s importantes a tratar, ser\u00e1n la revisi\u00f3n quinquenal de tarifas de transporte y distribuci\u00f3n, la metodolog\u00eda de ajuste tarifario y el cambio del Reglamento de Servicio de Distribuci\u00f3n en relaci\u00f3n con los cortes por falta de pago. Se inform\u00f3 que, el ENARGAS puso en marcha un \u201cproceso de revisi\u00f3n tarifaria para las Licenciatarias de Transporte de gas natural y de Distribuci\u00f3n de gas por redes\u201d, advirtiendo la Defensor\u00eda del Pueblo que, la participaci\u00f3n de la ciudadan\u00eda y de las empresas prestadoras del servicio es fundamental en todos estos \u00e1mbitos, donde es el \u00fanico lugar, en que se podr\u00e1n realizar propuestas, impugnaciones y objeciones a los nuevos costos que se pretenden imponer. Gialluca agreg\u00f3 que, durante 2024, los constantes tarifazos en los servicios de primera necesidad se convirtieron en una problem\u00e1tica com\u00fan a la mayor\u00eda de la poblaci\u00f3n debido a que el objetivo del Gobierno Nacional es quitar o eliminar los subsidios en su totalidad. Como si esto fuera poco, durante el a\u00f1o pasado, la garrafa de diez kilos acumul\u00f3 un aumento del 281,81%. Adem\u00e1s, el Gobierno Nacional fij\u00f3 como precio de referencia para la garrafa de diez kilos 10.500 pesos, pero el subsidio del Programa Hogar qued\u00f3 congelado en solo 1.539 pesos, con el agravante que en nuestra provincia, no se paga el mismo desde fines del 2023.<\/p>\n","protected":false},"excerpt":{"rendered":"<p>El Defensor del Pueblo de la Provincia de Formosa, Dr. Jos\u00e9 Leonardo Gialluca, indic\u00f3 que, mediante la Resoluci\u00f3n N\u00ba 74\/2025 del Ente Nacional Regulador de la Electricidad (ENRE), el Gobierno nacional, anunci\u00f3 la convocatoria a una Audiencia P\u00fablica para analizar las propuestas de ajuste en los costos presentadas por las empresas de transporte de energ\u00eda [&hellip;]<\/p>\n","protected":false},"author":1,"featured_media":15935,"comment_status":"closed","ping_status":"closed","sticky":false,"template":"","format":"standard","meta":{"footnotes":""},"categories":[1],"tags":[],"class_list":["post-15934","post","type-post","status-publish","format-standard","has-post-thumbnail","hentry","category-noticias"],"_links":{"self":[{"href":"https:\/\/defensoriaformosa.gob.ar\/index.php?rest_route=\/wp\/v2\/posts\/15934","targetHints":{"allow":["GET"]}}],"collection":[{"href":"https:\/\/defensoriaformosa.gob.ar\/index.php?rest_route=\/wp\/v2\/posts"}],"about":[{"href":"https:\/\/defensoriaformosa.gob.ar\/index.php?rest_route=\/wp\/v2\/types\/post"}],"author":[{"embeddable":true,"href":"https:\/\/defensoriaformosa.gob.ar\/index.php?rest_route=\/wp\/v2\/users\/1"}],"replies":[{"embeddable":true,"href":"https:\/\/defensoriaformosa.gob.ar\/index.php?rest_route=%2Fwp%2Fv2%2Fcomments&post=15934"}],"version-history":[{"count":1,"href":"https:\/\/defensoriaformosa.gob.ar\/index.php?rest_route=\/wp\/v2\/posts\/15934\/revisions"}],"predecessor-version":[{"id":15936,"href":"https:\/\/defensoriaformosa.gob.ar\/index.php?rest_route=\/wp\/v2\/posts\/15934\/revisions\/15936"}],"wp:featuredmedia":[{"embeddable":true,"href":"https:\/\/defensoriaformosa.gob.ar\/index.php?rest_route=\/wp\/v2\/media\/15935"}],"wp:attachment":[{"href":"https:\/\/defensoriaformosa.gob.ar\/index.php?rest_route=%2Fwp%2Fv2%2Fmedia&parent=15934"}],"wp:term":[{"taxonomy":"category","embeddable":true,"href":"https:\/\/defensoriaformosa.gob.ar\/index.php?rest_route=%2Fwp%2Fv2%2Fcategories&post=15934"},{"taxonomy":"post_tag","embeddable":true,"href":"https:\/\/defensoriaformosa.gob.ar\/index.php?rest_route=%2Fwp%2Fv2%2Ftags&post=15934"}],"curies":[{"name":"wp","href":"https:\/\/api.w.org\/{rel}","templated":true}]}}