{"id":15930,"date":"2025-01-21T06:26:10","date_gmt":"2025-01-21T09:26:10","guid":{"rendered":"https:\/\/defensoriaformosa.gob.ar\/?p=15930"},"modified":"2025-01-24T06:28:09","modified_gmt":"2025-01-24T09:28:09","slug":"ciudadana-no-inscripta-para-acceder-a-modulo-habitacional-rechaza-alojamiento-en-el-hogar-maria-auxiliadora-y-en-el-refugio-del-bo-juan-domingo-peron","status":"publish","type":"post","link":"https:\/\/defensoriaformosa.gob.ar\/?p=15930","title":{"rendered":"CIUDADANA NO INSCRIPTA PARA ACCEDER A MODULO HABITACIONAL RECHAZA ALOJAMIENTO EN EL HOGAR MARIA AUXILIADORA Y EN EL REFUGIO DEL B\u00ba JUAN DOMINGO PERON"},"content":{"rendered":"<p><strong>La -Direcci\u00f3n de Vivienda- de la Defensor\u00eda del Pueblo de la Provincia de Formosa, intervino inmediatamente en fecha 16 de enero del corriente a\u00f1o, al conocerse las denuncias p\u00fablicas de la ciudadana C\u00e1ceres Luciana Maribel de 22 a\u00f1os de edad y sus dos (2) hijos menores C.S.A.N. y C.A.I., requiriendo la intervenci\u00f3n del Ministerio de la Comunidad, m\u00e1s precisamente del -Programa Mejor Calidad de Vida-, peticion\u00e1ndose la constataci\u00f3n de los hechos denunciados y la intervenci\u00f3n de la Subsecretaria de Ni\u00f1ez, Adolescencia y Familia, para resguardar de esta manera la integridad psicof\u00edsica de los menores. <\/strong><\/p>\n<p><!--more--><\/p>\n<p>Como consecuencia de ello, la Lic. Leyes Mar\u00eda Amelia, Coordinadora del Programa Mejor Calidad de Vida, mediante Providencia N\u00ba 03\/25 de fecha 17 de enero, detall\u00f3 que el d\u00eda 14 de este mes, a las 18:35 horas, se constituy\u00f3 en el Barrio Lote 111, en la Manzana 66 \u2013 Casa 5, entrevist\u00e1ndose con la Se\u00f1ora C\u00e1ceres Luciana Maribel, quien se encontraba ocupando irregularmente una unidad habitacional y donde la mencionada reconoce que actualmente no se encuentra inscripta como aspirante activa para acceder a un m\u00f3dulo habitacional, inform\u00e1ndosele que, la \u00fanica v\u00eda legal para acceder a una respuesta habitacional, requiere como requisito excluyente, que la persona se inscriba, por lo que, se procede a brindarle todo el asesoramiento e informaci\u00f3n necesaria, junto con el equipo interviniente de la L\u00ednea 102, \u201cofreci\u00e9ndosele mientras se regularice todo lo relacionado al procedimiento administrativo antes descripto, su alojamiento transitorio en el Hogar Mar\u00eda Auxiliadora y en el Refugio del Barrio Juan Domingo Per\u00f3n, a favor de la misma y de sus hijos menores de edad, propuesta que fuera rechazada\u201d.<\/p>\n<p>Por otra parte, el Dr. Gabriel Armando Alcaraz, Subsecretario de Desarrollo y Fortalecimiento Comunitario A\/C del Ministerio de la Comunidad, mediante Nota N\u00ba 36\/25, document\u00f3 todos los hechos acontecidos, remiti\u00e9ndolos a la Defensor\u00eda del Pueblo, a fin de que se contin\u00fae con las acciones necesarias que permitan deslindar responsabilidades en el presente caso.<\/p>\n","protected":false},"excerpt":{"rendered":"<p>La -Direcci\u00f3n de Vivienda- de la Defensor\u00eda del Pueblo de la Provincia de Formosa, intervino inmediatamente en fecha 16 de enero del corriente a\u00f1o, al conocerse las denuncias p\u00fablicas de la ciudadana C\u00e1ceres Luciana Maribel de 22 a\u00f1os de edad y sus dos (2) hijos menores C.S.A.N. y C.A.I., requiriendo la intervenci\u00f3n del Ministerio de [&hellip;]<\/p>\n","protected":false},"author":1,"featured_media":15931,"comment_status":"closed","ping_status":"closed","sticky":false,"template":"","format":"standard","meta":{"footnotes":""},"categories":[1],"tags":[],"class_list":["post-15930","post","type-post","status-publish","format-standard","has-post-thumbnail","hentry","category-noticias"],"_links":{"self":[{"href":"https:\/\/defensoriaformosa.gob.ar\/index.php?rest_route=\/wp\/v2\/posts\/15930","targetHints":{"allow":["GET"]}}],"collection":[{"href":"https:\/\/defensoriaformosa.gob.ar\/index.php?rest_route=\/wp\/v2\/posts"}],"about":[{"href":"https:\/\/defensoriaformosa.gob.ar\/index.php?rest_route=\/wp\/v2\/types\/post"}],"author":[{"embeddable":true,"href":"https:\/\/defensoriaformosa.gob.ar\/index.php?rest_route=\/wp\/v2\/users\/1"}],"replies":[{"embeddable":true,"href":"https:\/\/defensoriaformosa.gob.ar\/index.php?rest_route=%2Fwp%2Fv2%2Fcomments&post=15930"}],"version-history":[{"count":2,"href":"https:\/\/defensoriaformosa.gob.ar\/index.php?rest_route=\/wp\/v2\/posts\/15930\/revisions"}],"predecessor-version":[{"id":15933,"href":"https:\/\/defensoriaformosa.gob.ar\/index.php?rest_route=\/wp\/v2\/posts\/15930\/revisions\/15933"}],"wp:featuredmedia":[{"embeddable":true,"href":"https:\/\/defensoriaformosa.gob.ar\/index.php?rest_route=\/wp\/v2\/media\/15931"}],"wp:attachment":[{"href":"https:\/\/defensoriaformosa.gob.ar\/index.php?rest_route=%2Fwp%2Fv2%2Fmedia&parent=15930"}],"wp:term":[{"taxonomy":"category","embeddable":true,"href":"https:\/\/defensoriaformosa.gob.ar\/index.php?rest_route=%2Fwp%2Fv2%2Fcategories&post=15930"},{"taxonomy":"post_tag","embeddable":true,"href":"https:\/\/defensoriaformosa.gob.ar\/index.php?rest_route=%2Fwp%2Fv2%2Ftags&post=15930"}],"curies":[{"name":"wp","href":"https:\/\/api.w.org\/{rel}","templated":true}]}}