{"id":15927,"date":"2025-01-21T06:23:34","date_gmt":"2025-01-21T09:23:34","guid":{"rendered":"https:\/\/defensoriaformosa.gob.ar\/?p=15927"},"modified":"2025-01-24T06:26:02","modified_gmt":"2025-01-24T09:26:02","slug":"solicitan-la-intervencion-de-la-subsecretaria-de-trabajo-por-actividades-que-desarrollan-menores-de-edad","status":"publish","type":"post","link":"https:\/\/defensoriaformosa.gob.ar\/?p=15927","title":{"rendered":"SOLICITAN LA INTERVENCION DE LA SUBSECRETARIA DE TRABAJO POR ACTIVIDADES QUE DESARROLLAN MENORES DE EDAD"},"content":{"rendered":"<p><strong>-Demandaron controles y fiscalizaciones de dichas labores, resalt\u00e1ndose las atenciones del Hospital de la Madre y el Ni\u00f1o, en el caso de una menor de edad, que sufriera una serie de traumatismos leves producto de la ca\u00edda de un remolque que trasladaba adultos y menores, la cual, ya fue dada de alta, luego de realiz\u00e1rsele diversos estudios m\u00e9dicos-<\/strong><\/p>\n<p><!--more--><\/p>\n<p>El Presidente de la Comisi\u00f3n de reclamos de la Comunidad Aborigen en Misi\u00f3n Tacaagle, Se\u00f1or Coyhipe Oscar, denunci\u00f3 ante la Defensor\u00eda del Pueblo que, un importante productor agropecuario de la zona, posee trabajando a menores de edad en la recolecci\u00f3n de batatas y calabazas y que en el d\u00eda de ayer, una ni\u00f1a de 13 a\u00f1os individualizada como D.C. sufri\u00f3 una serie de lesiones al caer de un acoplado en el que trasladan a los mismos, siendo internada en el Hospital de la Madre y el Ni\u00f1o, acompa\u00f1ada por su madre Sra. Estela Cataachi. El Ombudsman Provincial, Dr. Jos\u00e9 Leonardo Gialluca, solicit\u00f3 la urgente intervenci\u00f3n del Subsecretario de Trabajo, Justicia y Culto, Dr. Julio Gustavo Valdez, demandando llevar adelante los controles y fiscalizaciones necesarias y de esta manera, deslindar todas las responsabilidades civiles, laborales o penales que pudieran existir.<\/p>\n<p>Record\u00f3 el Funcionario Provincial que, la edad m\u00ednima para trabajar en Argentina es de 16 a\u00f1os, con restricciones y protecci\u00f3n especial hasta los 18, los cuales pueden ser empleados, pero con limitaciones en cuanto a la jornada laboral y la naturaleza del trabajo que puedan realizar, no permiti\u00e9ndoseles trabajar en actividades consideradas peligrosas o que afecten su salud y desarrollo. Por otro lado, los menores de 16 a\u00f1os, s\u00ed pueden trabajar, pero en actividades consideradas como ligeras, esto es, trabajos de temporada durante el verano, actividades que se desarrollan en un negocio familiar u otras, siempre que cuenten con la autorizaci\u00f3n de sus padres o tutores, para lo cual, necesitan de un permiso especial que debe ser presentado ante la Autoridad Competente, no pudiendo exceder sus labores las 6 horas diarias y 36 semanales, teniendo los mismos derechos laborales que los adultos incluyendo salario m\u00ednimo, descanso y condiciones segura de trabajo.<\/p>\n","protected":false},"excerpt":{"rendered":"<p>-Demandaron controles y fiscalizaciones de dichas labores, resalt\u00e1ndose las atenciones del Hospital de la Madre y el Ni\u00f1o, en el caso de una menor de edad, que sufriera una serie de traumatismos leves producto de la ca\u00edda de un remolque que trasladaba adultos y menores, la cual, ya fue dada de alta, luego de realiz\u00e1rsele [&hellip;]<\/p>\n","protected":false},"author":1,"featured_media":15928,"comment_status":"closed","ping_status":"closed","sticky":false,"template":"","format":"standard","meta":{"footnotes":""},"categories":[1],"tags":[],"class_list":["post-15927","post","type-post","status-publish","format-standard","has-post-thumbnail","hentry","category-noticias"],"_links":{"self":[{"href":"https:\/\/defensoriaformosa.gob.ar\/index.php?rest_route=\/wp\/v2\/posts\/15927","targetHints":{"allow":["GET"]}}],"collection":[{"href":"https:\/\/defensoriaformosa.gob.ar\/index.php?rest_route=\/wp\/v2\/posts"}],"about":[{"href":"https:\/\/defensoriaformosa.gob.ar\/index.php?rest_route=\/wp\/v2\/types\/post"}],"author":[{"embeddable":true,"href":"https:\/\/defensoriaformosa.gob.ar\/index.php?rest_route=\/wp\/v2\/users\/1"}],"replies":[{"embeddable":true,"href":"https:\/\/defensoriaformosa.gob.ar\/index.php?rest_route=%2Fwp%2Fv2%2Fcomments&post=15927"}],"version-history":[{"count":1,"href":"https:\/\/defensoriaformosa.gob.ar\/index.php?rest_route=\/wp\/v2\/posts\/15927\/revisions"}],"predecessor-version":[{"id":15929,"href":"https:\/\/defensoriaformosa.gob.ar\/index.php?rest_route=\/wp\/v2\/posts\/15927\/revisions\/15929"}],"wp:featuredmedia":[{"embeddable":true,"href":"https:\/\/defensoriaformosa.gob.ar\/index.php?rest_route=\/wp\/v2\/media\/15928"}],"wp:attachment":[{"href":"https:\/\/defensoriaformosa.gob.ar\/index.php?rest_route=%2Fwp%2Fv2%2Fmedia&parent=15927"}],"wp:term":[{"taxonomy":"category","embeddable":true,"href":"https:\/\/defensoriaformosa.gob.ar\/index.php?rest_route=%2Fwp%2Fv2%2Fcategories&post=15927"},{"taxonomy":"post_tag","embeddable":true,"href":"https:\/\/defensoriaformosa.gob.ar\/index.php?rest_route=%2Fwp%2Fv2%2Ftags&post=15927"}],"curies":[{"name":"wp","href":"https:\/\/api.w.org\/{rel}","templated":true}]}}