{"id":15924,"date":"2025-01-20T06:13:53","date_gmt":"2025-01-20T09:13:53","guid":{"rendered":"https:\/\/defensoriaformosa.gob.ar\/?p=15924"},"modified":"2025-01-24T06:23:29","modified_gmt":"2025-01-24T09:23:29","slug":"se-solicito-al-presidente-de-la-nacion-el-dictado-de-un-dnu-que-implemente-la-tarifa-regional-diferenciada-de-energia-electrica-para-el-nea-y-noa","status":"publish","type":"post","link":"https:\/\/defensoriaformosa.gob.ar\/?p=15924","title":{"rendered":"SE SOLICITO AL PRESIDENTE DE LA NACION EL DICTADO DE UN DNU QUE IMPLEMENTE LA TARIFA REGIONAL DIFERENCIADA DE ENERGIA ELECTRICA PARA EL NEA Y NOA"},"content":{"rendered":"<p><strong>-Gialluca mencion\u00f3 que este lunes 20 arranc\u00f3 el periodo de Sesiones Extraordinarias con siete puntos que envi\u00f3 el P.E.N. sin haberse incluido lo requerido oportunamente, por lo que, apelamos a la herramienta prevista en el Art. 99 Inc. 3 de la Constituci\u00f3n Nacional como medida excepcional, frente a las extraordinarias temperaturas que demandan necesariamente altos consumos en todos los hogares y que por los topes muy bajos impuestos por la Secretaria de Energ\u00eda, originan que todos los usuarios paguen una Tarifa Plena que contiene los aumentos excesivos impuestos por el ENRE durante el 2024 y lo que va del 2025-<\/strong><\/p>\n<p><!--more--><\/p>\n<p>Iniciado el periodo de Sesiones Extraordinarias este lunes 20 de enero y extendi\u00e9ndose las mismas hasta el viernes 21 de febrero, sin que el Presidente de la Naci\u00f3n Dr. Javier Gerardo Milei, incluyera dentro de los puntos o proyectos a tratar, el solicitado desde la Defensor\u00eda del Pueblo, en relaci\u00f3n a la \u201cTarifa Diferenciada de Energ\u00eda El\u00e9ctrica para las Provincias del Norte\u201d, en base a lo establecido por la Ley N\u00ba 27.637 de Ampliaci\u00f3n del R\u00e9gimen de Zona Fr\u00eda, donde los topes fijados para los usuarios N2 son de 700 kw\/mes y los N3 500 kw\/mes, habi\u00e9ndose denunciado los bajos topes de 250 y 350 kw\/h impuestos por la Secretaria de Energ\u00eda de Naci\u00f3n, lo cual hace, que las familias formose\u00f1as y de todo el Norte Argentino, paguen directamente una -Tarifa Plena- que contiene los fuertes aumentos autorizados durante el a\u00f1o 2024, 2025 y que ascienden a m\u00e1s del 350%, haciendo caer a las mismas en lo que se denomina -Pobreza Energ\u00e9tica- que se produce cuando un hogar debe reducir su consumo de energ\u00eda en un grado que afecta negativamente a la salud y el bienestar de sus integrantes, destinando, gran parte de sus ingresos, para cumplir con sus obligaciones o lo que es peor, se deben endeudar o acudir a pagos con tarjetas de cr\u00e9dito o planes en cuotas con las distribuidoras, el Ombudsman Provincial, Dr. Jos\u00e9 Leonardo Gialluca, mediante la Actuaci\u00f3n N\u00ba 124\/25 de fecha 20 de enero, reclam\u00f3 al Presidente de la Naci\u00f3n a trav\u00e9s de la Responsable de Acceso a la Informaci\u00f3n P\u00fablica, Dra. Mar\u00eda Ver\u00f3nica Cortese, quien depende de la Secretaria General de la Presidencia de la Naci\u00f3n, a cargo de la Lic. Karina Elizabeth Milei, que dentro de sus competencias otorgadas por la Constituci\u00f3n Nacional, m\u00e1s precisamente por el Art. 99 Inc. 3, dicte un DNU que compense las desigualdades existentes en materia de acceso a servicios p\u00fablicos, a favor de los colectivos compuestos por titulares de AUH, pensionados, jubilados, monotributistas, electrodependientes, empleadas de casas particulares, veteranos de guerra del Atl\u00e1ntico Sur, empleados p\u00fablicos y privados, implementando de esta manera, tarifas diferenciales de energ\u00eda el\u00e9ctrica para zonas c\u00e1lidas, que reduzcan el precio para provincias que no poseen gas por red y donde las temperaturas extremas, conllevan a la necesidad de altos consumos energ\u00e9ticos para poder as\u00ed sobrevivir a los actuales factores clim\u00e1ticos. Gialluca record\u00f3 que, en todos los pa\u00edses del mundo se subsidia la luz, el gas, el transporte o los combustibles, ejemplificando que Estados Unidos invierte en subsidios mucho m\u00e1s de lo que gasta nuestro Pa\u00eds, al igual que China o Jap\u00f3n, donde el actual Gobierno ha decido ampliar los subsidios para mitigar el impacto de los recientes aumentos en la energ\u00eda el\u00e9ctrica que sufren los hogares, con lo cual, la viabilidad de lo planteado, depende de la voluntad pol\u00edtica que tenga el actual Gobierno Nacional, pues los antecedentes normativos y la modalidad para implementar la Tarifa Diferenciada, ya le ha sido expuesta por este Organismo de la Constituci\u00f3n, como tambi\u00e9n, por otros proyectos que se encuentran en el Congreso de la Naci\u00f3n.<\/p>\n","protected":false},"excerpt":{"rendered":"<p>-Gialluca mencion\u00f3 que este lunes 20 arranc\u00f3 el periodo de Sesiones Extraordinarias con siete puntos que envi\u00f3 el P.E.N. sin haberse incluido lo requerido oportunamente, por lo que, apelamos a la herramienta prevista en el Art. 99 Inc. 3 de la Constituci\u00f3n Nacional como medida excepcional, frente a las extraordinarias temperaturas que demandan necesariamente altos [&hellip;]<\/p>\n","protected":false},"author":1,"featured_media":15925,"comment_status":"closed","ping_status":"closed","sticky":false,"template":"","format":"standard","meta":{"footnotes":""},"categories":[1],"tags":[],"class_list":["post-15924","post","type-post","status-publish","format-standard","has-post-thumbnail","hentry","category-noticias"],"_links":{"self":[{"href":"https:\/\/defensoriaformosa.gob.ar\/index.php?rest_route=\/wp\/v2\/posts\/15924","targetHints":{"allow":["GET"]}}],"collection":[{"href":"https:\/\/defensoriaformosa.gob.ar\/index.php?rest_route=\/wp\/v2\/posts"}],"about":[{"href":"https:\/\/defensoriaformosa.gob.ar\/index.php?rest_route=\/wp\/v2\/types\/post"}],"author":[{"embeddable":true,"href":"https:\/\/defensoriaformosa.gob.ar\/index.php?rest_route=\/wp\/v2\/users\/1"}],"replies":[{"embeddable":true,"href":"https:\/\/defensoriaformosa.gob.ar\/index.php?rest_route=%2Fwp%2Fv2%2Fcomments&post=15924"}],"version-history":[{"count":1,"href":"https:\/\/defensoriaformosa.gob.ar\/index.php?rest_route=\/wp\/v2\/posts\/15924\/revisions"}],"predecessor-version":[{"id":15926,"href":"https:\/\/defensoriaformosa.gob.ar\/index.php?rest_route=\/wp\/v2\/posts\/15924\/revisions\/15926"}],"wp:featuredmedia":[{"embeddable":true,"href":"https:\/\/defensoriaformosa.gob.ar\/index.php?rest_route=\/wp\/v2\/media\/15925"}],"wp:attachment":[{"href":"https:\/\/defensoriaformosa.gob.ar\/index.php?rest_route=%2Fwp%2Fv2%2Fmedia&parent=15924"}],"wp:term":[{"taxonomy":"category","embeddable":true,"href":"https:\/\/defensoriaformosa.gob.ar\/index.php?rest_route=%2Fwp%2Fv2%2Fcategories&post=15924"},{"taxonomy":"post_tag","embeddable":true,"href":"https:\/\/defensoriaformosa.gob.ar\/index.php?rest_route=%2Fwp%2Fv2%2Ftags&post=15924"}],"curies":[{"name":"wp","href":"https:\/\/api.w.org\/{rel}","templated":true}]}}